{"id":5361,"date":"2020-04-06T16:04:48","date_gmt":"2020-04-06T19:04:48","guid":{"rendered":"http:\/\/dgospel.com.br\/portal\/?p=5361"},"modified":"2020-04-06T16:04:54","modified_gmt":"2020-04-06T19:04:54","slug":"aborto-e-considerado-atividade-essencial-pela-oms-durante-pandemia","status":"publish","type":"post","link":"https:\/\/dgospel.com.br\/portal\/index.php\/2020\/04\/06\/aborto-e-considerado-atividade-essencial-pela-oms-durante-pandemia\/","title":{"rendered":"Aborto \u00e9 considerado atividade essencial pela OMS durante pandemia"},"content":{"rendered":"\n<p>A&nbsp;<a href=\"https:\/\/guiame.com.br\/gospel\/noticias\/diretor-da-oms-pode-ter-vinculo-com-partido-comunista-da-china-segundo-dissidentes.html\"><strong>Organiza\u00e7\u00e3o Mundial da Sa\u00fade<\/strong><\/a>&nbsp;(OMS) informou no s\u00e1bado (4) que o aborto \u00e9 considerado um servi\u00e7o essencial durante a pandemia do novo coronav\u00edrus.<\/p>\n\n\n\n<p>Em declara\u00e7\u00e3o enviada \u00e0 Funda\u00e7\u00e3o Daily Caller News, a OMS disse que \u201cos servi\u00e7os relacionados \u00e0 sa\u00fade reprodutiva s\u00e3o considerados parte dos servi\u00e7os essenciais durante o surto de Covid-19\u201d.<\/p>\n\n\n\n<p>Tanto no comunicado quanto em um&nbsp;<a href=\"https:\/\/www.who.int\/docs\/default-source\/coronaviruse\/clinical-management-of-novel-cov.pdf\" target=\"_blank\" rel=\"noreferrer noopener\"><strong>documento<\/strong><\/a>&nbsp;publicado em seu site, a OMS defende que \u201cas escolhas e os direitos das mulheres aos cuidados de sa\u00fade sexual e reprodutiva devem ser respeitados, independentemente da suspeita ou confirma\u00e7\u00e3o de infec\u00e7\u00e3o por Covid-19\u201d.<\/p>\n\n\n\n<p>A declara\u00e7\u00e3o tamb\u00e9m diz que os servi\u00e7os de sa\u00fade sexual e reprodutiva incluem \u201cm\u00e9todos contraceptivos, cuidados de sa\u00fade de qualidade durante e ap\u00f3s a gravidez e parto, e aborto seguro em toda a extens\u00e3o da lei\u201d.<\/p>\n\n\n\n<p>Governadores e departamentos de sa\u00fade dos Estados Unidos divulgaram sua posi\u00e7\u00e3o sobre o aborto ser ou n\u00e3o uma atividade essencial.&nbsp;<\/p>\n\n\n\n<p>Texas, Ohio, Oklahoma, Indiana, Iowa e Mississippi declararam o aborto como n\u00e3o essencial e proibiram esses procedimentos para preservar os EPIs no combate ao coronav\u00edrus.<\/p>\n\n\n\n<p>Enquanto isso, Massachusetts, Michigan, Minnesota, Indiana, Nova Jersey, Illinois, Oregon, Hava\u00ed e Virg\u00ednia consideraram o aborto essencial durante o surto.<\/p>\n\n\n\n<p><strong>Cr\u00edticas pr\u00f3-vida<\/strong><\/p>\n\n\n\n<p>Uma s\u00e9rie de l\u00edderes pr\u00f3-vida questionaram se os EUA deveriam continuar financiando a OMS por seu apoio ao aborto durante a pandemia.<\/p>\n\n\n\n<p>\u201cA crise do Covid-19 foi uma experi\u00eancia reveladora, que far\u00e1 com que os americanos repensem seu apoio a pr\u00e1ticas e institui\u00e7\u00f5es espec\u00edficas, incluindo a OMS\u201d, disse \u00e0 Fox News a presidente da organiza\u00e7\u00e3o Concerned Women for America, Penny Young Nance.<\/p>\n\n\n\n<p>A organiza\u00e7\u00e3o SBA List, que busca reduzir o aborto nos EUA, tamb\u00e9m criticou a posi\u00e7\u00e3o da OMS. \u201cTirar uma vida inocente e ferir as mulheres atrav\u00e9s do aborto nunca \u00e9 essencial\u201d, disse a vice-presidente de comunica\u00e7\u00f5es da SBA List, Mallory Quigley, \u00e0 Fox News.<\/p>\n\n\n\n<p>O mesmo foi refor\u00e7ado pela&nbsp; presidente da Students for Life of America, Kristan Hawkins. \u201cAs mulheres precisam de muitas coisas para prosperar \u2014 educa\u00e7\u00e3o, tratamento igual nos termos da lei, igualdade econ\u00f4mica \u2014 mas o aborto n\u00e3o \u00e9 o que fortalece as mulheres\u201d, disse \u00e0 Fox News.<\/p>\n\n\n\n<p>\u201cA gravidez n\u00e3o \u00e9 uma doen\u00e7a curada pelo aborto, e usar o dinheiro dos impostos dos americanos para sustentar uma organiza\u00e7\u00e3o comprometida com o aborto \u00e9 um uso indevido de recursos escassos. O governo Trump deve restringir fundos \u00e0s organiza\u00e7\u00f5es que financiam e apoiam o aborto para investir melhor em solu\u00e7\u00f5es reais para os problemas do mundo\u201d, acrescentou.<\/p>\n\n\n\n<p>\n\nFONTE: GUIAME, COM INFORMA\u00c7\u00d5ES DO DAILY CALLER E FOX NEWS\n\n<\/p>\n","protected":false},"excerpt":{"rendered":"<p>A&nbsp;Organiza\u00e7\u00e3o Mundial da Sa\u00fade&nbsp;(OMS) informou no s\u00e1bado (4) que o aborto \u00e9 considerado um servi\u00e7o essencial durante a pandemia do novo coronav\u00edrus. Em declara\u00e7\u00e3o enviada \u00e0 Funda\u00e7\u00e3o Daily Caller News, a OMS disse que \u201cos servi\u00e7os relacionados \u00e0 sa\u00fade reprodutiva s\u00e3o considerados parte dos servi\u00e7os essenciais durante o surto de Covid-19\u201d. Tanto no comunicado quanto [&hellip;]<\/p>\n","protected":false},"author":2,"featured_media":5362,"comment_status":"open","ping_status":"open","sticky":false,"template":"","format":"standard","meta":[],"categories":[4,1],"tags":[],"_links":{"self":[{"href":"https:\/\/dgospel.com.br\/portal\/index.php\/wp-json\/wp\/v2\/posts\/5361"}],"collection":[{"href":"https:\/\/dgospel.com.br\/portal\/index.php\/wp-json\/wp\/v2\/posts"}],"about":[{"href":"https:\/\/dgospel.com.br\/portal\/index.php\/wp-json\/wp\/v2\/types\/post"}],"author":[{"embeddable":true,"href":"https:\/\/dgospel.com.br\/portal\/index.php\/wp-json\/wp\/v2\/users\/2"}],"replies":[{"embeddable":true,"href":"https:\/\/dgospel.com.br\/portal\/index.php\/wp-json\/wp\/v2\/comments?post=5361"}],"version-history":[{"count":1,"href":"https:\/\/dgospel.com.br\/portal\/index.php\/wp-json\/wp\/v2\/posts\/5361\/revisions"}],"predecessor-version":[{"id":5363,"href":"https:\/\/dgospel.com.br\/portal\/index.php\/wp-json\/wp\/v2\/posts\/5361\/revisions\/5363"}],"wp:featuredmedia":[{"embeddable":true,"href":"https:\/\/dgospel.com.br\/portal\/index.php\/wp-json\/wp\/v2\/media\/5362"}],"wp:attachment":[{"href":"https:\/\/dgospel.com.br\/portal\/index.php\/wp-json\/wp\/v2\/media?parent=5361"}],"wp:term":[{"taxonomy":"category","embeddable":true,"href":"https:\/\/dgospel.com.br\/portal\/index.php\/wp-json\/wp\/v2\/categories?post=5361"},{"taxonomy":"post_tag","embeddable":true,"href":"https:\/\/dgospel.com.br\/portal\/index.php\/wp-json\/wp\/v2\/tags?post=5361"}],"curies":[{"name":"wp","href":"https:\/\/api.w.org\/{rel}","templated":true}]}}