{"id":5364,"date":"2020-04-06T22:33:33","date_gmt":"2020-04-07T01:33:33","guid":{"rendered":"http:\/\/dgospel.com.br\/portal\/?p=5364"},"modified":"2020-04-06T22:33:34","modified_gmt":"2020-04-07T01:33:34","slug":"estado-de-calamidade-publica-no-municipio-de-palmas-e-reconhecido-pela-assembleia-legislativa-do-tocantins","status":"publish","type":"post","link":"https:\/\/dgospel.com.br\/portal\/index.php\/2020\/04\/06\/estado-de-calamidade-publica-no-municipio-de-palmas-e-reconhecido-pela-assembleia-legislativa-do-tocantins\/","title":{"rendered":"Estado de Calamidade P\u00fablica no Munic\u00edpio de Palmas \u00e9 reconhecido pela Assembleia Legislativa do Tocantins"},"content":{"rendered":"\n<p>A Assembleia Legislativa do Estado do Tocantins (AL-TO) reconheceu o estado de calamidade p\u00fablica na Capital em decorr\u00eancia da pandemia do coronav\u00edrus (Covid-19).<\/p>\n\n\n\n<p>E em raz\u00e3o do estado de calamidade o Munic\u00edpio de Palmas fica dispensado do cumprimento do Artigo 65 da Lei Complementar 101\/2000 &#8211; Lei de Responsabilidade Fiscal (LRF), especificamente com rela\u00e7\u00e3o&nbsp; ao atingimento dos resultados fiscais&nbsp; previstos na Lei de Diretrizes Or\u00e7ament\u00e1rias (LDO), bem como do artigo 9\u00b0 da LRF que trata da limita\u00e7\u00e3o de empenho.<\/p>\n\n\n\n<p>De acordo com o Decreto Legislativo, a ocorr\u00eancia do estado de calamidade p\u00fablica ser\u00e1 de 135 dias, mas poder\u00e1 ser prorrogado por igual per\u00edodo caso seja solicitado pela gestora do Munic\u00edpio.<\/p>\n\n\n\n<p>O decreto estabelece ainda que a contrata\u00e7\u00e3o emergencial de pessoal e a autoriza\u00e7\u00e3o de despesas extraordin\u00e1rias dever\u00e3o observar os termos dispostos na legisla\u00e7\u00e3o local, destinadas exclusivamente \u00e0 situa\u00e7\u00e3o de calamidade p\u00fablica.<\/p>\n","protected":false},"excerpt":{"rendered":"<p>A Assembleia Legislativa do Estado do Tocantins (AL-TO) reconheceu o estado de calamidade p\u00fablica na Capital em decorr\u00eancia da pandemia do coronav\u00edrus (Covid-19). E em raz\u00e3o do estado de calamidade o Munic\u00edpio de Palmas fica dispensado do cumprimento do Artigo 65 da Lei Complementar 101\/2000 &#8211; Lei de Responsabilidade Fiscal (LRF), especificamente com rela\u00e7\u00e3o&nbsp; ao [&hellip;]<\/p>\n","protected":false},"author":2,"featured_media":5365,"comment_status":"open","ping_status":"open","sticky":false,"template":"","format":"standard","meta":[],"categories":[4],"tags":[],"_links":{"self":[{"href":"https:\/\/dgospel.com.br\/portal\/index.php\/wp-json\/wp\/v2\/posts\/5364"}],"collection":[{"href":"https:\/\/dgospel.com.br\/portal\/index.php\/wp-json\/wp\/v2\/posts"}],"about":[{"href":"https:\/\/dgospel.com.br\/portal\/index.php\/wp-json\/wp\/v2\/types\/post"}],"author":[{"embeddable":true,"href":"https:\/\/dgospel.com.br\/portal\/index.php\/wp-json\/wp\/v2\/users\/2"}],"replies":[{"embeddable":true,"href":"https:\/\/dgospel.com.br\/portal\/index.php\/wp-json\/wp\/v2\/comments?post=5364"}],"version-history":[{"count":1,"href":"https:\/\/dgospel.com.br\/portal\/index.php\/wp-json\/wp\/v2\/posts\/5364\/revisions"}],"predecessor-version":[{"id":5366,"href":"https:\/\/dgospel.com.br\/portal\/index.php\/wp-json\/wp\/v2\/posts\/5364\/revisions\/5366"}],"wp:featuredmedia":[{"embeddable":true,"href":"https:\/\/dgospel.com.br\/portal\/index.php\/wp-json\/wp\/v2\/media\/5365"}],"wp:attachment":[{"href":"https:\/\/dgospel.com.br\/portal\/index.php\/wp-json\/wp\/v2\/media?parent=5364"}],"wp:term":[{"taxonomy":"category","embeddable":true,"href":"https:\/\/dgospel.com.br\/portal\/index.php\/wp-json\/wp\/v2\/categories?post=5364"},{"taxonomy":"post_tag","embeddable":true,"href":"https:\/\/dgospel.com.br\/portal\/index.php\/wp-json\/wp\/v2\/tags?post=5364"}],"curies":[{"name":"wp","href":"https:\/\/api.w.org\/{rel}","templated":true}]}}