{"id":5368,"date":"2020-04-07T17:44:12","date_gmt":"2020-04-07T20:44:12","guid":{"rendered":"http:\/\/dgospel.com.br\/portal\/?p=5368"},"modified":"2020-04-07T17:44:13","modified_gmt":"2020-04-07T20:44:13","slug":"crivella-diz-que-crise-do-coronavirus-ajuda-bolsonaro-a-se-fortalecer-guiado-por-deus","status":"publish","type":"post","link":"https:\/\/dgospel.com.br\/portal\/index.php\/2020\/04\/07\/crivella-diz-que-crise-do-coronavirus-ajuda-bolsonaro-a-se-fortalecer-guiado-por-deus\/","title":{"rendered":"Crivella diz que crise do coronav\u00edrus ajuda Bolsonaro a se fortalecer &#8216;guiado por Deus&#8217;"},"content":{"rendered":"\n<p>O presidente Jair Bolsonaro ganhou, na\nnoite desta segunda-feira, uma declara\u00e7\u00e3o p\u00fablica de apoio do prefeito do Rio,\nMarcelo Crivella. Em uma transmiss\u00e3o em rede social por volta das 20h, no mesmo\nhor\u00e1rio em que o ministro da Sa\u00fade, Luiz&nbsp; Henrique&nbsp; Mandetta,\nconcedia uma entrevista coletiva informando que permaneceria no cargo, Crivella\nrasgou elogios ao presidente. Ele disse que Bolsonaro est\u00e1 fazendo um trabalho\nextraordin\u00e1rio na condu\u00e7\u00e3o da crise durante a pandemia, o que s\u00f3 fortaleceu a\nlideran\u00e7a pol\u00edtica do presidente.&nbsp;<\/p>\n\n\n\n<p>&#8211; Tenho certeza que o presidente da\nRep\u00fablica est\u00e1 sendo guiado por Deus. Presto a ele toda a solidariedade. No meu\npartido, o Republicanos, tenho certeza que os 31 deputados, salvo um outro que\ntenha opini\u00e3o divergente, cerra fileiras com o nosso presidente. Reconhecemos\nsua autoridade, sua sinceridade, sua compet\u00eancia, seu amor pelo Brasil, sua f\u00e9\nem Deus. Nunca tivemos um presidente t\u00e3o ciente de suas magnas responsabilidades.\nE se Deus o escolheu e fez com que passasse momentos dificeis e duros, o\npresidente amadureceu e se fortaleceu para conduzir a n\u00f3s todos e a na\u00e7\u00e3o\nnesses dias dif\u00edceis. Desse dias, ressurgiremos como uma na\u00e7\u00e3o muito mais unida\nna f\u00e9 e muito mais fortalecida &#8211; disse o prefeito do Rio<\/p>\n\n\n\n<p>As declara\u00e7\u00f5es de Crivella foram feitas em\ncanal particular. Bispo licenciado da Igreja Universal, ele fez uma transmiss\u00e3o\nrecheada de cita\u00e7\u00f5es b\u00edblicos. Essas transmiss\u00f5es, feitas nas segundas-feiras,\ns\u00e3o acompanhadas geralmente por evang\u00e9licos. Crivella se aliou a Bolsonaro para\ntentar se reeleger prefeito. O vereador Carlos Bolsonaro e o senador Fl\u00e1vio\nBolsonaro se filiaram ao partido recentemente.&nbsp;<\/p>\n\n\n\n<p>O prefeito&nbsp; acrescentou que por orienta\u00e7\u00e3o\nde Bolsonaro, tamb\u00e9m jejuou no domingo, pedindo a Deus pelo fim da pandemia:<\/p>\n\n\n\n<p>&#8211; Quanto uma na\u00e7\u00e3o liderada pelo seu\npresidente dobra o joelho diante de Deus \u00e9 algo extraordin\u00e1rio, fant\u00e1stico.\nTenho certeza absoluta que os anjos levaram aos c\u00e9us a ora\u00e7\u00e3o de todo a nossa\nna\u00e7\u00e3o.&nbsp;<\/p>\n\n\n\n<p>A transmiss\u00e3o terminou com Crivella orando\no Pai Nosso, mas com um apelo especial para n\u00e3o faltar cesta b\u00e1sica para o\ncarioca.<\/p>\n\n\n\n<p>&#8211; O p\u00e3o nosso de cada dia nos dai hoje, Senhor. N\u00e3o deixei faltar cesta b\u00e1sica para nenhum carioca. N\u00e3o deixa faltar cesta b\u00e1sica, meu Deus &#8211; orou Crivella.<\/p>\n\n\n\n<p>Fonte: yahoo<\/p>\n","protected":false},"excerpt":{"rendered":"<p>O presidente Jair Bolsonaro ganhou, na noite desta segunda-feira, uma declara\u00e7\u00e3o p\u00fablica de apoio do prefeito do Rio, Marcelo Crivella. Em uma transmiss\u00e3o em rede social por volta das 20h, no mesmo hor\u00e1rio em que o ministro da Sa\u00fade, Luiz&nbsp; Henrique&nbsp; Mandetta, concedia uma entrevista coletiva informando que permaneceria no cargo, Crivella rasgou elogios ao [&hellip;]<\/p>\n","protected":false},"author":2,"featured_media":5369,"comment_status":"open","ping_status":"open","sticky":false,"template":"","format":"standard","meta":[],"categories":[5,4],"tags":[],"_links":{"self":[{"href":"https:\/\/dgospel.com.br\/portal\/index.php\/wp-json\/wp\/v2\/posts\/5368"}],"collection":[{"href":"https:\/\/dgospel.com.br\/portal\/index.php\/wp-json\/wp\/v2\/posts"}],"about":[{"href":"https:\/\/dgospel.com.br\/portal\/index.php\/wp-json\/wp\/v2\/types\/post"}],"author":[{"embeddable":true,"href":"https:\/\/dgospel.com.br\/portal\/index.php\/wp-json\/wp\/v2\/users\/2"}],"replies":[{"embeddable":true,"href":"https:\/\/dgospel.com.br\/portal\/index.php\/wp-json\/wp\/v2\/comments?post=5368"}],"version-history":[{"count":1,"href":"https:\/\/dgospel.com.br\/portal\/index.php\/wp-json\/wp\/v2\/posts\/5368\/revisions"}],"predecessor-version":[{"id":5370,"href":"https:\/\/dgospel.com.br\/portal\/index.php\/wp-json\/wp\/v2\/posts\/5368\/revisions\/5370"}],"wp:featuredmedia":[{"embeddable":true,"href":"https:\/\/dgospel.com.br\/portal\/index.php\/wp-json\/wp\/v2\/media\/5369"}],"wp:attachment":[{"href":"https:\/\/dgospel.com.br\/portal\/index.php\/wp-json\/wp\/v2\/media?parent=5368"}],"wp:term":[{"taxonomy":"category","embeddable":true,"href":"https:\/\/dgospel.com.br\/portal\/index.php\/wp-json\/wp\/v2\/categories?post=5368"},{"taxonomy":"post_tag","embeddable":true,"href":"https:\/\/dgospel.com.br\/portal\/index.php\/wp-json\/wp\/v2\/tags?post=5368"}],"curies":[{"name":"wp","href":"https:\/\/api.w.org\/{rel}","templated":true}]}}