{"id":5371,"date":"2020-04-07T17:50:27","date_gmt":"2020-04-07T20:50:27","guid":{"rendered":"http:\/\/dgospel.com.br\/portal\/?p=5371"},"modified":"2020-04-07T17:50:28","modified_gmt":"2020-04-07T20:50:28","slug":"mulher-celebra-alta-da-uti-com-a-biblia-nas-maos-apos-vencer-o-covid-19","status":"publish","type":"post","link":"https:\/\/dgospel.com.br\/portal\/index.php\/2020\/04\/07\/mulher-celebra-alta-da-uti-com-a-biblia-nas-maos-apos-vencer-o-covid-19\/","title":{"rendered":"Mulher celebra alta da UTI com a B\u00edblia nas m\u00e3os, ap\u00f3s vencer o Covid-19"},"content":{"rendered":"\n<p>Em meio a aplausos da equipe m\u00e9dica da Cl\u00ednica da Mulher em Santa Marta, na Col\u00f4mbia, uma das pacientes admitidas com&nbsp;<a href=\"https:\/\/guiame.com.br\/gospel\/noticias\/cerca-de-290-mil-pessoas-foram-curadas-do-coronavirus-em-todo-o-mundo.html\"><strong>coronav\u00edrus<\/strong><\/a>&nbsp;recebeu alta.<\/p>\n\n\n\n<p>Ela tem 65 anos e \u00e9 filha de um homem de 88 anos que morreu do v\u00edrus em 23 de mar\u00e7o. A mulher ficou 12 dias internada na UTI.<\/p>\n\n\n\n<p>Com uma B\u00edblia na m\u00e3o direita, a mulher na cadeira de rodas fez um sinal de gratid\u00e3o e rever\u00eancia a Deus. Ela percorreu os corredores da cl\u00ednica enquanto os m\u00e9dicos e enfermeiros a aplaudiam.<\/p>\n\n\n\n<p>A paciente expressou repetidamente: \u201cObrigado, Senhor, muito obrigado, qu\u00e3o misericordioso Tu \u00e9s comigo\u201d.<\/p>\n\n\n\n<p>Ela tamb\u00e9m cumprimentou a equipe que a atendeu, a quem expressou sua admira\u00e7\u00e3o e respeito pela sensibilidade, humanismo e profissionalismo.<\/p>\n\n\n\n<p>Em um twitter, o governador de Magdalena, Carlos Caicedo, escreveu: \u201cBoas not\u00edcias! Quero informar que hoje a mulher de 65 anos que testou positivo para o coronav\u00edrus retorna \u00e0 sua casa, totalmente recuperada da sua sa\u00fade\u201d.<\/p>\n\n\n\n<p>\u201c\u00c9 um triunfo da equipe m\u00e9dica que a atendeu por 12 dias na UTI, e tamb\u00e9m de sua vitalidade e desejo de viver\u201d, acrescentou.<\/p>\n\n\n\n<p>\n\nFONTE: GUIAME, COM INFORMA\u00c7\u00d5ES DO EL HERALDO\n\n<\/p>\n","protected":false},"excerpt":{"rendered":"<p>Em meio a aplausos da equipe m\u00e9dica da Cl\u00ednica da Mulher em Santa Marta, na Col\u00f4mbia, uma das pacientes admitidas com&nbsp;coronav\u00edrus&nbsp;recebeu alta. Ela tem 65 anos e \u00e9 filha de um homem de 88 anos que morreu do v\u00edrus em 23 de mar\u00e7o. A mulher ficou 12 dias internada na UTI. Com uma B\u00edblia na [&hellip;]<\/p>\n","protected":false},"author":2,"featured_media":5372,"comment_status":"open","ping_status":"open","sticky":false,"template":"","format":"standard","meta":[],"categories":[10,5],"tags":[],"_links":{"self":[{"href":"https:\/\/dgospel.com.br\/portal\/index.php\/wp-json\/wp\/v2\/posts\/5371"}],"collection":[{"href":"https:\/\/dgospel.com.br\/portal\/index.php\/wp-json\/wp\/v2\/posts"}],"about":[{"href":"https:\/\/dgospel.com.br\/portal\/index.php\/wp-json\/wp\/v2\/types\/post"}],"author":[{"embeddable":true,"href":"https:\/\/dgospel.com.br\/portal\/index.php\/wp-json\/wp\/v2\/users\/2"}],"replies":[{"embeddable":true,"href":"https:\/\/dgospel.com.br\/portal\/index.php\/wp-json\/wp\/v2\/comments?post=5371"}],"version-history":[{"count":1,"href":"https:\/\/dgospel.com.br\/portal\/index.php\/wp-json\/wp\/v2\/posts\/5371\/revisions"}],"predecessor-version":[{"id":5373,"href":"https:\/\/dgospel.com.br\/portal\/index.php\/wp-json\/wp\/v2\/posts\/5371\/revisions\/5373"}],"wp:featuredmedia":[{"embeddable":true,"href":"https:\/\/dgospel.com.br\/portal\/index.php\/wp-json\/wp\/v2\/media\/5372"}],"wp:attachment":[{"href":"https:\/\/dgospel.com.br\/portal\/index.php\/wp-json\/wp\/v2\/media?parent=5371"}],"wp:term":[{"taxonomy":"category","embeddable":true,"href":"https:\/\/dgospel.com.br\/portal\/index.php\/wp-json\/wp\/v2\/categories?post=5371"},{"taxonomy":"post_tag","embeddable":true,"href":"https:\/\/dgospel.com.br\/portal\/index.php\/wp-json\/wp\/v2\/tags?post=5371"}],"curies":[{"name":"wp","href":"https:\/\/api.w.org\/{rel}","templated":true}]}}