{"id":5374,"date":"2020-04-07T23:43:28","date_gmt":"2020-04-08T02:43:28","guid":{"rendered":"http:\/\/dgospel.com.br\/portal\/?p=5374"},"modified":"2020-04-07T23:43:29","modified_gmt":"2020-04-08T02:43:29","slug":"boletim-coronavirus-covid-19-laboratorio-privado-confirma-14-caso-em-palmas","status":"publish","type":"post","link":"https:\/\/dgospel.com.br\/portal\/index.php\/2020\/04\/07\/boletim-coronavirus-covid-19-laboratorio-privado-confirma-14-caso-em-palmas\/","title":{"rendered":"Boletim coronav\u00edrus (Covid-19): Laborat\u00f3rio privado confirma 14\u00b0 caso em Palmas"},"content":{"rendered":"\n<p>Sobe para 14 o n\u00famero de casos confirmados de Covid-19 em Palmas. O novo caso trata-se de uma mulher, com idade entre 60 e 69 anos. Segundo o Boletim Epidemiol\u00f3gico desta ter\u00e7a-feira, 07, publicado diariamente pelo Centro de Opera\u00e7\u00f5es de Emerg\u00eancia em Sa\u00fade (COE Palmas Covid-19), at\u00e9 o momento, 739 casos foram notificados para s\u00edndrome gripal e 271 foram descartados para Covid-19. N\u00e3o h\u00e1 \u00f3bitos relacionados ao coronav\u00edrus em Palmas.<\/p>\n\n\n\n<p>O caso novo se trata de uma mulher que chegou de viagem a outro estado brasileiro. Ela j\u00e1 aguardava confirma\u00e7\u00e3o da infec\u00e7\u00e3o em isolamento domiciliar. Segundo a Secretaria Municipal da Sa\u00fade (Semus), com a confirma\u00e7\u00e3o da Covid-19 dada por laborat\u00f3rio privado, a paciente continuar\u00e1 em isolamento domiciliar sob monitoramento de seu quadro cl\u00ednico.<\/p>\n\n\n\n<p>Segundo o COE Palmas, medidas de distanciamento social amplo, manuten\u00e7\u00e3o de h\u00e1bitos regulares de higiene e uso de m\u00e1scaras para preven\u00e7\u00e3o da transmiss\u00e3o do coronav\u00edrus continuam recomendadas na Capital a fim de reduzir o impacto da pandemia.<\/p>\n\n\n\n<p>Considerando o cen\u00e1rio atual brasileiro, o coeficiente de incid\u00eancia (CI) nacional da doen\u00e7a est\u00e1, at\u00e9 esta data, segundo o Minist\u00e9rio da Sa\u00fade, em 6,5 casos para cada 100 mil habitantes. J\u00e1 Palmas apresenta coeficiente abaixo do cen\u00e1rio nacional, com 4,68 casos para cada 100 mil habitantes, isto \u00e9, que configura est\u00e1gio de alerta e inferior ainda ao coeficiente de localidades como Distrito Federal (CI de 15,5\/100 mil hab) e Cear\u00e1 (CI de 11,0 \/100 mil hab) que j\u00e1 se encontram em est\u00e1gio de emerg\u00eancia.<\/p>\n\n\n\n<p><strong>Monitoramento local<\/strong><\/p>\n\n\n\n<p>Segundo o boletim, em Palmas, dos 14 casos confirmados, dois foram infectados no exterior, seis foram infectados em outros estados brasileiros e os demais seis, ap\u00f3s contato com os casos confirmados em residentes na Capital. Dois deles, em raz\u00e3o do desaparecimento de sintomas e cumprimento de isolamento domiciliar, j\u00e1 receberam alta. Para ter acesso \u00e0 \u00faltima vers\u00e3o do boletim de monitoramento completo,&nbsp;<a>clique aqui<\/a>.<\/p>\n\n\n\n<p><strong>Informa\u00e7\u00f5es seguras<\/strong><\/p>\n\n\n\n<p>A Secretaria Municipal de Sa\u00fade (Semus) refor\u00e7a a import\u00e2ncia de checagem de informa\u00e7\u00f5es divulgadas em redes sociais e esclarece que todas as informa\u00e7\u00f5es relativas ao monitoramento da Covid-19 em Palmas s\u00e3o atualizadas e divulgadas diariamente pelo site da Prefeitura de Palmas e em perfis oficiais do Munic\u00edpio&nbsp;@cidadepalmas&nbsp;no Twitter, Instagram e Facebook. Os assuntos relacionados \u00e0 Sa\u00fade podem ser conferidos tamb\u00e9m nas redes sociais da Secretaria Municipal da Sa\u00fade de Palmas, @semuspalmas.<\/p>\n\n\n\n<p>Para esclarecimentos de d\u00favidas da comunidade, a Semus tamb\u00e9m disponibilizou canais para contato por liga\u00e7\u00e3o ou por mensagens de WhatsApp pelos n\u00fameros (63) 3218-5643 e 3218-5458.<\/p>\n","protected":false},"excerpt":{"rendered":"<p>Sobe para 14 o n\u00famero de casos confirmados de Covid-19 em Palmas. O novo caso trata-se de uma mulher, com idade entre 60 e 69 anos. Segundo o Boletim Epidemiol\u00f3gico desta ter\u00e7a-feira, 07, publicado diariamente pelo Centro de Opera\u00e7\u00f5es de Emerg\u00eancia em Sa\u00fade (COE Palmas Covid-19), at\u00e9 o momento, 739 casos foram notificados para s\u00edndrome [&hellip;]<\/p>\n","protected":false},"author":2,"featured_media":5375,"comment_status":"open","ping_status":"open","sticky":false,"template":"","format":"standard","meta":[],"categories":[3],"tags":[],"_links":{"self":[{"href":"https:\/\/dgospel.com.br\/portal\/index.php\/wp-json\/wp\/v2\/posts\/5374"}],"collection":[{"href":"https:\/\/dgospel.com.br\/portal\/index.php\/wp-json\/wp\/v2\/posts"}],"about":[{"href":"https:\/\/dgospel.com.br\/portal\/index.php\/wp-json\/wp\/v2\/types\/post"}],"author":[{"embeddable":true,"href":"https:\/\/dgospel.com.br\/portal\/index.php\/wp-json\/wp\/v2\/users\/2"}],"replies":[{"embeddable":true,"href":"https:\/\/dgospel.com.br\/portal\/index.php\/wp-json\/wp\/v2\/comments?post=5374"}],"version-history":[{"count":1,"href":"https:\/\/dgospel.com.br\/portal\/index.php\/wp-json\/wp\/v2\/posts\/5374\/revisions"}],"predecessor-version":[{"id":5376,"href":"https:\/\/dgospel.com.br\/portal\/index.php\/wp-json\/wp\/v2\/posts\/5374\/revisions\/5376"}],"wp:featuredmedia":[{"embeddable":true,"href":"https:\/\/dgospel.com.br\/portal\/index.php\/wp-json\/wp\/v2\/media\/5375"}],"wp:attachment":[{"href":"https:\/\/dgospel.com.br\/portal\/index.php\/wp-json\/wp\/v2\/media?parent=5374"}],"wp:term":[{"taxonomy":"category","embeddable":true,"href":"https:\/\/dgospel.com.br\/portal\/index.php\/wp-json\/wp\/v2\/categories?post=5374"},{"taxonomy":"post_tag","embeddable":true,"href":"https:\/\/dgospel.com.br\/portal\/index.php\/wp-json\/wp\/v2\/tags?post=5374"}],"curies":[{"name":"wp","href":"https:\/\/api.w.org\/{rel}","templated":true}]}}