{"id":5377,"date":"2020-04-08T09:57:28","date_gmt":"2020-04-08T12:57:28","guid":{"rendered":"http:\/\/dgospel.com.br\/portal\/?p=5377"},"modified":"2020-04-08T09:57:30","modified_gmt":"2020-04-08T12:57:30","slug":"tocantins-e-o-unico-estado-sem-registro-de-mortes-por-coronavirus","status":"publish","type":"post","link":"https:\/\/dgospel.com.br\/portal\/index.php\/2020\/04\/08\/tocantins-e-o-unico-estado-sem-registro-de-mortes-por-coronavirus\/","title":{"rendered":"Tocantins \u00e9 o \u00fanico estado sem registro de mortes por coronav\u00edrus"},"content":{"rendered":"\n<p>O Tocantins \u00e9 o \u00fanico estado brasileiro a n\u00e3o registrar mortes\npelo novo coronav\u00edrus at\u00e9 esta ter\u00e7a-feira (7). Na segunda (6)<strong>&nbsp;o\nAcre confirmou o primeiro caso do tipo&nbsp;<\/strong>deixando o Tocantins sozinho na estat\u00edstica.\nO caso mais grave at\u00e9 o momento \u00e9 de uma mulher em Palmas que est\u00e1 internada na\nUTI de um hospital particular.<\/p>\n\n\n\n<p>O estado tamb\u00e9m \u00e9 o\nque est\u00e1 com o menor n\u00famero de casos confirmados at\u00e9 o momento,&nbsp;<strong>sendo que s\u00e3o 21 ao todo.<\/strong>&nbsp;Em seguida, aparecem\nRond\u00f4nia com 23 e Piau\u00ed com 31. A taxa de infec\u00e7\u00e3o em Palmas \u00e9 de 4,68 casos\npara cada 100 mil habitantes.<\/p>\n\n\n\n<p>Dos casos j\u00e1\nconfirmados, dois ainda n\u00e3o constam no boletim oficial da Secretaria Estadual\nda Sa\u00fade, porque foram confirmados pelos munic\u00edpios ap\u00f3s a divulga\u00e7\u00e3o do\ndocumento no fim da tarde desta ter\u00e7a-feira.<\/p>\n\n\n\n<p>O Laborat\u00f3rio Central\ndo Tocantins (Lacen), que concentra os testes no estado, disse nesta\nter\u00e7a-feira (7) que n\u00e3o h\u00e1 mais exames aguardando resultados na fila, mas a\nprefeitura de Palmas alertou que h\u00e1 centenas de casos suspeitos que ainda n\u00e3o\nforam testados. Houve 739 notifica\u00e7\u00f5es de s\u00edndromes virais na capital e at\u00e9 o\ncome\u00e7o da noite 271 foram descartados para Covid-19 e outros 14 confirmados.<\/p>\n\n\n\n<p>O&nbsp;<strong>G1&nbsp;<\/strong>questionou\na Secretaria Estadual da Sa\u00fade ainda na segunda-feira (6) sobre como \u00e9 feito o\nacompanhamento dos pacientes que n\u00e3o foram testados, mas n\u00e3o recebeu retorno.<\/p>\n\n\n\n<p>As secretarias\nestaduais de Sa\u00fade de todo o pa\u00eds divulgaram, at\u00e9 as 20h00 desta ter\u00e7a-feira\n(7),<strong>&nbsp;14.039 casos confirmados\ndo novo coronav\u00edrus (Sars-Cov-2) no Brasil, com 687 mortes.<\/strong><\/p>\n\n\n\n<p>O&nbsp;<strong>\u00faltimo balan\u00e7o do Minist\u00e9rio da Sa\u00fade<\/strong>,\ndivulgado na tarde desta ter\u00e7a-feira (7), aponta 13.727 casos confirmados e 667\nmortes.<\/p>\n\n\n\n<p>Fonte:  <strong>G1 Tocantins<\/strong> <\/p>\n","protected":false},"excerpt":{"rendered":"<p>O Tocantins \u00e9 o \u00fanico estado brasileiro a n\u00e3o registrar mortes pelo novo coronav\u00edrus at\u00e9 esta ter\u00e7a-feira (7). Na segunda (6)&nbsp;o Acre confirmou o primeiro caso do tipo&nbsp;deixando o Tocantins sozinho na estat\u00edstica. O caso mais grave at\u00e9 o momento \u00e9 de uma mulher em Palmas que est\u00e1 internada na UTI de um hospital particular. [&hellip;]<\/p>\n","protected":false},"author":2,"featured_media":5378,"comment_status":"open","ping_status":"open","sticky":false,"template":"","format":"standard","meta":[],"categories":[3],"tags":[],"_links":{"self":[{"href":"https:\/\/dgospel.com.br\/portal\/index.php\/wp-json\/wp\/v2\/posts\/5377"}],"collection":[{"href":"https:\/\/dgospel.com.br\/portal\/index.php\/wp-json\/wp\/v2\/posts"}],"about":[{"href":"https:\/\/dgospel.com.br\/portal\/index.php\/wp-json\/wp\/v2\/types\/post"}],"author":[{"embeddable":true,"href":"https:\/\/dgospel.com.br\/portal\/index.php\/wp-json\/wp\/v2\/users\/2"}],"replies":[{"embeddable":true,"href":"https:\/\/dgospel.com.br\/portal\/index.php\/wp-json\/wp\/v2\/comments?post=5377"}],"version-history":[{"count":1,"href":"https:\/\/dgospel.com.br\/portal\/index.php\/wp-json\/wp\/v2\/posts\/5377\/revisions"}],"predecessor-version":[{"id":5379,"href":"https:\/\/dgospel.com.br\/portal\/index.php\/wp-json\/wp\/v2\/posts\/5377\/revisions\/5379"}],"wp:featuredmedia":[{"embeddable":true,"href":"https:\/\/dgospel.com.br\/portal\/index.php\/wp-json\/wp\/v2\/media\/5378"}],"wp:attachment":[{"href":"https:\/\/dgospel.com.br\/portal\/index.php\/wp-json\/wp\/v2\/media?parent=5377"}],"wp:term":[{"taxonomy":"category","embeddable":true,"href":"https:\/\/dgospel.com.br\/portal\/index.php\/wp-json\/wp\/v2\/categories?post=5377"},{"taxonomy":"post_tag","embeddable":true,"href":"https:\/\/dgospel.com.br\/portal\/index.php\/wp-json\/wp\/v2\/tags?post=5377"}],"curies":[{"name":"wp","href":"https:\/\/api.w.org\/{rel}","templated":true}]}}