{"id":5380,"date":"2020-04-08T10:37:49","date_gmt":"2020-04-08T13:37:49","guid":{"rendered":"http:\/\/dgospel.com.br\/portal\/?p=5380"},"modified":"2020-04-08T10:37:50","modified_gmt":"2020-04-08T13:37:50","slug":"atividades-legislativas-da-camara-de-palmas-estao-suspensas-por-ato-da-mesa-diretora","status":"publish","type":"post","link":"https:\/\/dgospel.com.br\/portal\/index.php\/2020\/04\/08\/atividades-legislativas-da-camara-de-palmas-estao-suspensas-por-ato-da-mesa-diretora\/","title":{"rendered":"Atividades legislativas da C\u00e2mara de Palmas est\u00e3o suspensas por Ato da Mesa Diretora"},"content":{"rendered":"\n<p>Visando prevenir a infec\u00e7\u00e3o e a propaga\u00e7\u00e3o do Coronav\u00edrus (COVID-19), a C\u00e2mara Municipal de Palmas, por meio de Ato da Mesa Diretora, publicado no Di\u00e1rio Oficial do Munic\u00edpio na ter\u00e7a-feira, 07, suspendeu \u2013 por tempo indeterminado \u2013 a realiza\u00e7\u00e3o de todos os eventos coletivos, inclusive atividades legislativas no Plen\u00e1rio, como tamb\u00e9m as Comiss\u00f5es Permanentes. As sess\u00f5es poder\u00e3o, todavia, ser convocadas de forma extraordin\u00e1ria pelo Presidente, caso haja necessidade extrema de discuss\u00f5es e vota\u00e7\u00f5es emergenciais de interesse p\u00fablico.<\/p>\n\n\n\n<p>O presidente, Marilon Barbosa (DEM), justificou que a medida foi tomada com o objetivo de preservar a sa\u00fade dos servidores, dos parlamentares, como tamb\u00e9m do p\u00fablico que frequenta a Casa Legislativa e, ter\u00e1 vig\u00eancia, at\u00e9 que a pr\u00f3pria Mesa Diretora revogue o ato administrativo.<\/p>\n","protected":false},"excerpt":{"rendered":"<p>Visando prevenir a infec\u00e7\u00e3o e a propaga\u00e7\u00e3o do Coronav\u00edrus (COVID-19), a C\u00e2mara Municipal de Palmas, por meio de Ato da Mesa Diretora, publicado no Di\u00e1rio Oficial do Munic\u00edpio na ter\u00e7a-feira, 07, suspendeu \u2013 por tempo indeterminado \u2013 a realiza\u00e7\u00e3o de todos os eventos coletivos, inclusive atividades legislativas no Plen\u00e1rio, como tamb\u00e9m as Comiss\u00f5es Permanentes. As [&hellip;]<\/p>\n","protected":false},"author":2,"featured_media":5381,"comment_status":"open","ping_status":"open","sticky":false,"template":"","format":"standard","meta":[],"categories":[8],"tags":[],"_links":{"self":[{"href":"https:\/\/dgospel.com.br\/portal\/index.php\/wp-json\/wp\/v2\/posts\/5380"}],"collection":[{"href":"https:\/\/dgospel.com.br\/portal\/index.php\/wp-json\/wp\/v2\/posts"}],"about":[{"href":"https:\/\/dgospel.com.br\/portal\/index.php\/wp-json\/wp\/v2\/types\/post"}],"author":[{"embeddable":true,"href":"https:\/\/dgospel.com.br\/portal\/index.php\/wp-json\/wp\/v2\/users\/2"}],"replies":[{"embeddable":true,"href":"https:\/\/dgospel.com.br\/portal\/index.php\/wp-json\/wp\/v2\/comments?post=5380"}],"version-history":[{"count":1,"href":"https:\/\/dgospel.com.br\/portal\/index.php\/wp-json\/wp\/v2\/posts\/5380\/revisions"}],"predecessor-version":[{"id":5382,"href":"https:\/\/dgospel.com.br\/portal\/index.php\/wp-json\/wp\/v2\/posts\/5380\/revisions\/5382"}],"wp:featuredmedia":[{"embeddable":true,"href":"https:\/\/dgospel.com.br\/portal\/index.php\/wp-json\/wp\/v2\/media\/5381"}],"wp:attachment":[{"href":"https:\/\/dgospel.com.br\/portal\/index.php\/wp-json\/wp\/v2\/media?parent=5380"}],"wp:term":[{"taxonomy":"category","embeddable":true,"href":"https:\/\/dgospel.com.br\/portal\/index.php\/wp-json\/wp\/v2\/categories?post=5380"},{"taxonomy":"post_tag","embeddable":true,"href":"https:\/\/dgospel.com.br\/portal\/index.php\/wp-json\/wp\/v2\/tags?post=5380"}],"curies":[{"name":"wp","href":"https:\/\/api.w.org\/{rel}","templated":true}]}}