{"id":5383,"date":"2020-04-08T13:30:53","date_gmt":"2020-04-08T16:30:53","guid":{"rendered":"http:\/\/dgospel.com.br\/portal\/?p=5383"},"modified":"2020-04-08T13:30:54","modified_gmt":"2020-04-08T16:30:54","slug":"primeira-dama-lanca-arrecadacao-solidaria-contra-coronavirus-precisamos-de-voluntarios","status":"publish","type":"post","link":"https:\/\/dgospel.com.br\/portal\/index.php\/2020\/04\/08\/primeira-dama-lanca-arrecadacao-solidaria-contra-coronavirus-precisamos-de-voluntarios\/","title":{"rendered":"Primeira-dama lan\u00e7a Arrecada\u00e7\u00e3o Solid\u00e1ria contra coronav\u00edrus: \u201cPrecisamos de volunt\u00e1rios\u201d"},"content":{"rendered":"\n<p>A primeira-dama&nbsp;<strong><a href=\"https:\/\/guiame.com.br\/gospel\/noticias\/michelle-bolsonaro-vence-enquete-como-melhor-primeira-dama-do-brasil.html\">Michelle Bolsonaro<\/a><\/strong>&nbsp;participou do lan\u00e7amento do projeto Arrecada\u00e7\u00e3o Solid\u00e1ria, do governo federal, para apoiar entidades sem fins lucrativos que atuem com grupos vulner\u00e1veis da sociedade. A cerim\u00f4nia aconteceu na ter\u00e7a-feira (7) no Pal\u00e1cio do Planalto.<\/p>\n\n\n\n<p>\u201cHoje quero falar de uni\u00e3o e solidariedade. Diante dessa pandemia precisamos mais do que nunca de volunt\u00e1rios. Vamos unir a na\u00e7\u00e3o em prol dos mais fr\u00e1geis e vulner\u00e1veis. Nossa miss\u00e3o \u00e9 acolher, ajudar e demonstrar nossa solidariedade n\u00e3o s\u00f3 durante a crise mas tamb\u00e9m fora dela\u201d, disse Michelle em discurso no evento de lan\u00e7amento do projeto.<\/p>\n\n\n\n<p>As doa\u00e7\u00f5es podem ser realizadas por transfer\u00eancia banc\u00e1ria ou via cart\u00e3o de cr\u00e9dito, por pessoas f\u00edsicas e jur\u00eddicas, no Brasil e no exterior. O valor m\u00ednimo \u00e9 R$ 30.<\/p>\n\n\n\n<p>O projeto \u00e9 encabe\u00e7ado pelo P\u00e1tria Volunt\u00e1ria, programa de incentivo ao voluntariado do governo federal, em conjunto com a Funda\u00e7\u00e3o Banco do Brasil e com a campanha Todos por Todos, que estimula o movimento solid\u00e1rio para o enfrentamento \u00e0&nbsp;<strong><a href=\"https:\/\/guiame.com.br\/gospel\/missoes-acao-social\/igreja-alimenta-mais-de-50000-familias-que-tiveram-renda-afetada-pelo-coronavirus.html\">pandemia de covid-19<\/a><\/strong>. As doa\u00e7\u00f5es podem ser feitas na p\u00e1gina do Todos por Todos e tamb\u00e9m na plataforma do P\u00e1tria Volunt\u00e1ria.<\/p>\n\n\n\n<p>A prioridade do projeto \u00e9 atender a pessoas no grupo de risco, principalmente os idosos, e demandas sociais das comunidades vulner\u00e1veis. Um conselho ser\u00e1 designado pela Casa Civil, com membros de diferentes minist\u00e9rios, para decidir sobre as regi\u00f5es e causas cadastradas que receber\u00e3o recursos.<\/p>\n\n\n\n<p>\u201cN\u00e3o podemos nos esquecer que somos um povo criativo, solid\u00e1rio e que n\u00e3o desiste nunca. Estamos certo que superaremos este momento com a uni\u00e3o e a participa\u00e7\u00e3o de todos. O Brasil n\u00e3o pode parar\u201d, disse o ministro-chefe da Casa Civil, Walter Braga Netto, em cerim\u00f4nia no Pal\u00e1cio do Planalto.<\/p>\n\n\n\n<p>O Programa Nacional de Incentivo ao Voluntariado (P\u00e1tria Volunt\u00e1ria) foi institu\u00eddo pelo Decreto n\u00ba 9906\/2019, com a \ufb01nalidade de promover o voluntariado de forma articulada entre governo, organiza\u00e7\u00f5es da sociedade civil e o setor privado e incentivar o engajamento em a\u00e7\u00f5es sociais.<\/p>\n\n\n\n<p>Ele \u00e9 coordenado pela Casa Civil da Presid\u00eancia da Rep\u00fablica e conta com um conselho presidido pela primeira-dama, Michelle Bolsonaro. A plataforma j\u00e1 conta com mais de 300 institui\u00e7\u00f5es cadastradas.<\/p>\n\n\n\n<p>FONTE: GUIAME, COM INFORMA\u00c7\u00d5ES DA AG\u00caNCIA BRASIL <\/p>\n","protected":false},"excerpt":{"rendered":"<p>A primeira-dama&nbsp;Michelle Bolsonaro&nbsp;participou do lan\u00e7amento do projeto Arrecada\u00e7\u00e3o Solid\u00e1ria, do governo federal, para apoiar entidades sem fins lucrativos que atuem com grupos vulner\u00e1veis da sociedade. A cerim\u00f4nia aconteceu na ter\u00e7a-feira (7) no Pal\u00e1cio do Planalto. \u201cHoje quero falar de uni\u00e3o e solidariedade. Diante dessa pandemia precisamos mais do que nunca de volunt\u00e1rios. Vamos unir a [&hellip;]<\/p>\n","protected":false},"author":2,"featured_media":5384,"comment_status":"open","ping_status":"open","sticky":false,"template":"","format":"standard","meta":[],"categories":[6,4],"tags":[],"_links":{"self":[{"href":"https:\/\/dgospel.com.br\/portal\/index.php\/wp-json\/wp\/v2\/posts\/5383"}],"collection":[{"href":"https:\/\/dgospel.com.br\/portal\/index.php\/wp-json\/wp\/v2\/posts"}],"about":[{"href":"https:\/\/dgospel.com.br\/portal\/index.php\/wp-json\/wp\/v2\/types\/post"}],"author":[{"embeddable":true,"href":"https:\/\/dgospel.com.br\/portal\/index.php\/wp-json\/wp\/v2\/users\/2"}],"replies":[{"embeddable":true,"href":"https:\/\/dgospel.com.br\/portal\/index.php\/wp-json\/wp\/v2\/comments?post=5383"}],"version-history":[{"count":1,"href":"https:\/\/dgospel.com.br\/portal\/index.php\/wp-json\/wp\/v2\/posts\/5383\/revisions"}],"predecessor-version":[{"id":5385,"href":"https:\/\/dgospel.com.br\/portal\/index.php\/wp-json\/wp\/v2\/posts\/5383\/revisions\/5385"}],"wp:featuredmedia":[{"embeddable":true,"href":"https:\/\/dgospel.com.br\/portal\/index.php\/wp-json\/wp\/v2\/media\/5384"}],"wp:attachment":[{"href":"https:\/\/dgospel.com.br\/portal\/index.php\/wp-json\/wp\/v2\/media?parent=5383"}],"wp:term":[{"taxonomy":"category","embeddable":true,"href":"https:\/\/dgospel.com.br\/portal\/index.php\/wp-json\/wp\/v2\/categories?post=5383"},{"taxonomy":"post_tag","embeddable":true,"href":"https:\/\/dgospel.com.br\/portal\/index.php\/wp-json\/wp\/v2\/tags?post=5383"}],"curies":[{"name":"wp","href":"https:\/\/api.w.org\/{rel}","templated":true}]}}