{"id":5396,"date":"2020-04-09T09:42:52","date_gmt":"2020-04-09T12:42:52","guid":{"rendered":"http:\/\/dgospel.com.br\/portal\/?p=5396"},"modified":"2020-04-09T09:42:54","modified_gmt":"2020-04-09T12:42:54","slug":"feira-da-304-sul-e-casas-lotericas-voltam-a-funcionar-com-ressalvas","status":"publish","type":"post","link":"https:\/\/dgospel.com.br\/portal\/index.php\/2020\/04\/09\/feira-da-304-sul-e-casas-lotericas-voltam-a-funcionar-com-ressalvas\/","title":{"rendered":"Feira da 304 Sul e casas lot\u00e9ricas voltam a funcionar com ressalvas"},"content":{"rendered":"\n<p>A partir da pr\u00f3xima ter\u00e7a-feira, 14, produtos hortigranjeiros e in natura voltar\u00e3o a ser comercializados em espa\u00e7o \u00fanico, na Feira Coberta da 304 Sul \u2013 Espa\u00e7o Popular M\u00e1rio Bezerra Cavalcante, ofertados por feirantes diferentes em dias alternados. A comercializa\u00e7\u00e3o ser\u00e1 realizada de ter\u00e7a a s\u00e1bado, das 9 \u00e0s 19h. O Decreto N\u00ba 1.873\/2020, assinado pela prefeita Cinthia Ribeiro foi publicado no Di\u00e1rio Oficial do Munic\u00edpio desta quarta-feira, 08. O documento tamb\u00e9m disp\u00f5e sobre a permiss\u00e3o do funcionamento de casas lot\u00e9ricas.<\/p>\n\n\n\n<p>\u201cAs feiras livres se configuram como atividade essencial \u00e0 popula\u00e7\u00e3o e \u00e9 mais um espa\u00e7o para o consumidor adquirir produtos da nossa agricultura familiar, sem falar que estamos contemplando feirantes de todas as nossas feiras. Essa medida foi tomada depois de uma discuss\u00e3o ampla com o Centro de Opera\u00e7\u00f5es de Emerg\u00eancia em Sa\u00fade (COE Palmas Covid-19) e com os pr\u00f3prios feirantes, e s\u00f3 foi tomada depois que preparamos o espa\u00e7o para garantir as condi\u00e7\u00f5es sanit\u00e1rias exigidas pela \u00e1rea da Sa\u00fade\u201d, explicou a prefeita Cinthia.<\/p>\n\n\n\n<p>A Secretaria Municipal de Desenvolvimento Econ\u00f4mico e Emprego (Sedem) definir\u00e1, por meio de portaria, sobre as regras de funcionamento das feiras livres.<\/p>\n\n\n\n<p><strong>Lot\u00e9ricas<\/strong><\/p>\n\n\n\n<p>O Decreto tamb\u00e9m permite o funcionamento das unidades lot\u00e9ricas, desde que respeitada a delimita\u00e7\u00e3o de distanciamento m\u00ednimo de dois metros entre as pessoas nos ambientes, inclusive nas filas.<\/p>\n\n\n\n<p>A medida leva em conta o decreto presidencial que tornou as unidades lot\u00e9ricas como atividade essencial, (Decreto N\u00b0 10.292\/2020), por serem considerados repositores de renda, uma vez que recebem e efetuam pagamentos, o que importa na diminui\u00e7\u00e3o do n\u00famero de pessoas em estabelecimentos banc\u00e1rios.<\/p>\n\n\n\n<p>Leia a \u00edntegra do decreto&nbsp;<a rel=\"noreferrer noopener\" target=\"_blank\" href=\"http:\/\/diariooficial.palmas.to.gov.br\/media\/diario\/2468-8-4-2020-22-9-44.pdf\">aqui<\/a>.<\/p>\n","protected":false},"excerpt":{"rendered":"<p>A partir da pr\u00f3xima ter\u00e7a-feira, 14, produtos hortigranjeiros e in natura voltar\u00e3o a ser comercializados em espa\u00e7o \u00fanico, na Feira Coberta da 304 Sul \u2013 Espa\u00e7o Popular M\u00e1rio Bezerra Cavalcante, ofertados por feirantes diferentes em dias alternados. A comercializa\u00e7\u00e3o ser\u00e1 realizada de ter\u00e7a a s\u00e1bado, das 9 \u00e0s 19h. O Decreto N\u00ba 1.873\/2020, assinado pela [&hellip;]<\/p>\n","protected":false},"author":2,"featured_media":5397,"comment_status":"open","ping_status":"open","sticky":false,"template":"","format":"standard","meta":[],"categories":[3],"tags":[],"_links":{"self":[{"href":"https:\/\/dgospel.com.br\/portal\/index.php\/wp-json\/wp\/v2\/posts\/5396"}],"collection":[{"href":"https:\/\/dgospel.com.br\/portal\/index.php\/wp-json\/wp\/v2\/posts"}],"about":[{"href":"https:\/\/dgospel.com.br\/portal\/index.php\/wp-json\/wp\/v2\/types\/post"}],"author":[{"embeddable":true,"href":"https:\/\/dgospel.com.br\/portal\/index.php\/wp-json\/wp\/v2\/users\/2"}],"replies":[{"embeddable":true,"href":"https:\/\/dgospel.com.br\/portal\/index.php\/wp-json\/wp\/v2\/comments?post=5396"}],"version-history":[{"count":1,"href":"https:\/\/dgospel.com.br\/portal\/index.php\/wp-json\/wp\/v2\/posts\/5396\/revisions"}],"predecessor-version":[{"id":5398,"href":"https:\/\/dgospel.com.br\/portal\/index.php\/wp-json\/wp\/v2\/posts\/5396\/revisions\/5398"}],"wp:featuredmedia":[{"embeddable":true,"href":"https:\/\/dgospel.com.br\/portal\/index.php\/wp-json\/wp\/v2\/media\/5397"}],"wp:attachment":[{"href":"https:\/\/dgospel.com.br\/portal\/index.php\/wp-json\/wp\/v2\/media?parent=5396"}],"wp:term":[{"taxonomy":"category","embeddable":true,"href":"https:\/\/dgospel.com.br\/portal\/index.php\/wp-json\/wp\/v2\/categories?post=5396"},{"taxonomy":"post_tag","embeddable":true,"href":"https:\/\/dgospel.com.br\/portal\/index.php\/wp-json\/wp\/v2\/tags?post=5396"}],"curies":[{"name":"wp","href":"https:\/\/api.w.org\/{rel}","templated":true}]}}