{"id":5399,"date":"2020-04-10T16:46:03","date_gmt":"2020-04-10T19:46:03","guid":{"rendered":"http:\/\/dgospel.com.br\/portal\/?p=5399"},"modified":"2020-04-10T16:46:04","modified_gmt":"2020-04-10T19:46:04","slug":"justica-determina-que-igreja-de-silas-malafaia-nao-realize-cultos-durante-pandemia-do-coronavirus","status":"publish","type":"post","link":"https:\/\/dgospel.com.br\/portal\/index.php\/2020\/04\/10\/justica-determina-que-igreja-de-silas-malafaia-nao-realize-cultos-durante-pandemia-do-coronavirus\/","title":{"rendered":"Justi\u00e7a determina que igreja de Silas Malafaia n\u00e3o realize cultos durante pandemia do coronav\u00edrus"},"content":{"rendered":"\n<p>A Justi\u00e7a do Rio determinou, na \u00faltima quinta-feira (9), que a\nIgreja Assembleia de Deus Vit\u00f3ria em Cristo &#8212; liderada por Silas Malafaia &#8212;\nn\u00e3o realize cultos durante a pandemia do&nbsp;<strong>coronav\u00edrus<\/strong>.<\/p>\n\n\n\n<p>A decis\u00e3o \u00e9 do\ndesembargador Agostinho Teixeira, do Tribunal de Justi\u00e7a do RJ, que acolheu\nrecurso do Minist\u00e9rio P\u00fablico. Em caso de descumprimento, a igreja pode ser\nmultada em R$ 10 mil.<\/p>\n\n\n\n<p>O magistrado escreve\nque n\u00e3o discute &#8220;se a f\u00e9 \u00e9 essencial \u00e0 exist\u00eancia humana nem se os templos\nprestam servi\u00e7os imprescind\u00edveis&#8221;. Mas afirma que o distanciamento social\n\u00e9 necess\u00e1rio.<\/p>\n\n\n\n<h2>Resguardo\n\u00e0 sa\u00fade, diz juiz<\/h2>\n\n\n\n<p>A a\u00e7\u00e3o \u00e9 um\ndesdobramento de um pedido do Minist\u00e9rio P\u00fablico, no m\u00eas passado, para que\ntemplos religiosos se abstivessem de promover cultos durante a pandemia. Na\nocasi\u00e3o, o juiz Marcello de S\u00e1 Baptista rejeitou, e o Minist\u00e9rio P\u00fablico\nrecorreu.<\/p>\n\n\n\n<p>No recurso, o MP sustenta que o pastor\nSilas Malafaia teria manifestado publicamente a inten\u00e7\u00e3o de descumprir as\nmedidas restritivas de aglomera\u00e7\u00e3o de pessoas.<\/p>\n\n\n\n<p>Os procuradores chegaram a pedir que as\nlicen\u00e7as de igrejas fossem suspensas, em caso de descumprimento, e que a for\u00e7a\npolicial fosse usada para impedir os cultos. Esse pedido foi negado.<\/p>\n\n\n\n<h2>Decreto\npro\u00edbe aglomera\u00e7\u00e3o<\/h2>\n\n\n\n<p><strong>Um\ndecreto publicado<\/strong>&nbsp;no m\u00eas passado pelo governador do Rio, Wilson Witzel\n(PSC), determinou a suspens\u00e3o da &#8220;realiza\u00e7\u00e3o de eventos e atividades com a\npresen\u00e7a de p\u00fablico, ainda que previamente autorizadas, que envolvem\naglomera\u00e7\u00e3o&#8221;.<\/p>\n\n\n\n<p>A partir da\u00ed, o decreto exemplifica as\nproibi\u00e7\u00f5es, como evento esportivo, show e passeata. A lei n\u00e3o cita igrejas.<\/p>\n\n\n\n<p>A assessoria de imprensa do governo, no\nentanto, esclareceu ao&nbsp;<strong>G1<\/strong>&nbsp;\u00e0 \u00e9poca que a suspens\u00e3o se estenderia \u00e0s igrejas por se\nencaixar no trecho &#8220;atividades com presen\u00e7a de p\u00fablico (&#8230;) que envolvem\naglomera\u00e7\u00e3o&#8221;.<\/p>\n\n\n\n<p>O desembargador avan\u00e7a citando um decreto\ndo presidente Jair Bolsonaro que incluiu&nbsp;<strong>igrejas como servi\u00e7os\nessenciais<\/strong>, permitindo que ocorressem mesmo em meio \u00e0 pandemia.<\/p>\n\n\n\n<p>Entretanto, o magistrado leva em\nconsidera\u00e7\u00e3o uma decis\u00e3o do Supremo Tribunal Federal (STF) que reconhece a\ncompet\u00eancia dos estados para adotar medidas restritivas&nbsp;<strong>&#8220;independentemente\nde superveni\u00eancia de ato federal em sentido contr\u00e1rio&#8221;.<\/strong><\/p>\n\n\n\n<p>Isso significa, segundo o desembargador,\nque o decreto de Witzel contra aglomera\u00e7\u00f5es pode se sobrepor ao de Bolsonaro\nque permite a realiza\u00e7\u00e3o normal de cultos.<\/p>\n\n\n\n<p>Com base nisso, ele determinou a suspens\u00e3o dos cultos da igreja de Silas Malafaia.<\/p>\n\n\n\n<p>Fonte:  <em><strong>G1 Rio<\/strong><\/em> <\/p>\n","protected":false},"excerpt":{"rendered":"<p>A Justi\u00e7a do Rio determinou, na \u00faltima quinta-feira (9), que a Igreja Assembleia de Deus Vit\u00f3ria em Cristo &#8212; liderada por Silas Malafaia &#8212; n\u00e3o realize cultos durante a pandemia do&nbsp;coronav\u00edrus. A decis\u00e3o \u00e9 do desembargador Agostinho Teixeira, do Tribunal de Justi\u00e7a do RJ, que acolheu recurso do Minist\u00e9rio P\u00fablico. Em caso de descumprimento, a [&hellip;]<\/p>\n","protected":false},"author":2,"featured_media":5400,"comment_status":"open","ping_status":"open","sticky":false,"template":"","format":"standard","meta":[],"categories":[5,6],"tags":[],"_links":{"self":[{"href":"https:\/\/dgospel.com.br\/portal\/index.php\/wp-json\/wp\/v2\/posts\/5399"}],"collection":[{"href":"https:\/\/dgospel.com.br\/portal\/index.php\/wp-json\/wp\/v2\/posts"}],"about":[{"href":"https:\/\/dgospel.com.br\/portal\/index.php\/wp-json\/wp\/v2\/types\/post"}],"author":[{"embeddable":true,"href":"https:\/\/dgospel.com.br\/portal\/index.php\/wp-json\/wp\/v2\/users\/2"}],"replies":[{"embeddable":true,"href":"https:\/\/dgospel.com.br\/portal\/index.php\/wp-json\/wp\/v2\/comments?post=5399"}],"version-history":[{"count":1,"href":"https:\/\/dgospel.com.br\/portal\/index.php\/wp-json\/wp\/v2\/posts\/5399\/revisions"}],"predecessor-version":[{"id":5401,"href":"https:\/\/dgospel.com.br\/portal\/index.php\/wp-json\/wp\/v2\/posts\/5399\/revisions\/5401"}],"wp:featuredmedia":[{"embeddable":true,"href":"https:\/\/dgospel.com.br\/portal\/index.php\/wp-json\/wp\/v2\/media\/5400"}],"wp:attachment":[{"href":"https:\/\/dgospel.com.br\/portal\/index.php\/wp-json\/wp\/v2\/media?parent=5399"}],"wp:term":[{"taxonomy":"category","embeddable":true,"href":"https:\/\/dgospel.com.br\/portal\/index.php\/wp-json\/wp\/v2\/categories?post=5399"},{"taxonomy":"post_tag","embeddable":true,"href":"https:\/\/dgospel.com.br\/portal\/index.php\/wp-json\/wp\/v2\/tags?post=5399"}],"curies":[{"name":"wp","href":"https:\/\/api.w.org\/{rel}","templated":true}]}}