{"id":540,"date":"2018-06-14T17:10:44","date_gmt":"2018-06-14T20:10:44","guid":{"rendered":"http:\/\/dgospel.com.br\/portal\/?p=540"},"modified":"2018-06-14T17:21:39","modified_gmt":"2018-06-14T20:21:39","slug":"em-brasilia-carlesse-articula-liberacao-de-recursos-para-a-saude-infraestrutura-e-combate-a-seca","status":"publish","type":"post","link":"https:\/\/dgospel.com.br\/portal\/index.php\/2018\/06\/14\/em-brasilia-carlesse-articula-liberacao-de-recursos-para-a-saude-infraestrutura-e-combate-a-seca\/","title":{"rendered":"Em Bras\u00edlia, Carlesse articula libera\u00e7\u00e3o de recursos para a Sa\u00fade, infraestrutura e combate \u00e0 seca"},"content":{"rendered":"<p>O governador Mauro Carlesse cumpriu uma s\u00e9rie de compromissos em Bras\u00edlia, nesta quarta-feira, 13, acompanhado de deputados federais e secret\u00e1rios de Estado. Pela manh\u00e3, esteve no Minist\u00e9rio da Sa\u00fade, Secretaria do Tesouro Nacional (STN) e na Funda\u00e7\u00e3o Nacional de Sa\u00fade (Funasa).<\/p>\n<p>Com o ministro da Sa\u00fade, Gilberto Occhi, Carlesse tratou da libera\u00e7\u00e3o de recursos de emendas para o setor, sendo R$ 40 milh\u00f5es para o custeio dos hospitais de m\u00e9dia e alta complexidade e R$ 22 milh\u00f5es para a aten\u00e7\u00e3o b\u00e1sica nos munic\u00edpios. O governador tamb\u00e9m deixou encaminhada no Minist\u00e9rio a libera\u00e7\u00e3o de R$ 25 milh\u00f5es para a aquisi\u00e7\u00e3o de ambul\u00e2ncias aos 139 munic\u00edpios tocantinenses, R$ 6 milh\u00f5es para a aquisi\u00e7\u00e3o de mam\u00f3grafos e mais R$ 2,5 milh\u00f5es para reforma do Hospital de Colinas, cuja estadualiza\u00e7\u00e3o foi decretada pelo governador no final de abril. Carlesse tamb\u00e9m solicitou o aumento em R$ 60 milh\u00f5es do teto anual para a \u00e1rea da sa\u00fade no Tocantins.<\/p>\n<p>Na STN, o governador tratou dos empr\u00e9stimos que o Tocantins pleiteia junto \u00e0 Caixa Econ\u00f4mica Federal. Conversou com o secret\u00e1rio da Nacional do Tesouro, Mansueto Almeida, e pediu agilidade na libera\u00e7\u00e3o de financiamentos da ordem de R$ 600 milh\u00f5es para infraestrutura urbana, constru\u00e7\u00e3o de hospitais e de outras obras importantes para o Tocantins, como a ponte de Porto Nacional.<\/p>\n<p>&#8220;O secret\u00e1rio fez o compromisso de acelerar os tr\u00e2mites na STN para, em breve, assinarmos os contratos e iniciarmos as obras t\u00e3o necess\u00e1rias para o Tocantins&#8221;, disse Carlesse ao sair da audi\u00eancia.<\/p>\n<p>Na Funda\u00e7\u00e3o Nacional de Sa\u00fade, o governador foi recebido pelo presidente Rodrigo Sergio Dias. Carlesse solicitou prioridade ao projeto de constru\u00e7\u00e3o de 90 po\u00e7os artesianos em munic\u00edpios que sofrem com a seca no Tocantins.<\/p>\n<p>Acompanharam o governador nas audi\u00eancias os deputados federais L\u00e1zaro Botelho, Dorinha Seabra e Carlos Gaguim, al\u00e9m dos secret\u00e1rios da Sa\u00fade, Renato Jaime; da Fazenda, Sandro Henrique; da Cidadania e Justi\u00e7a, Heber Lu\u00eds Fidelis; e o superintendente de Planejamento e Desenvolvimento, Sergislei de Moura.<\/p>\n","protected":false},"excerpt":{"rendered":"<p>O governador Mauro Carlesse cumpriu uma s\u00e9rie de compromissos em Bras\u00edlia, nesta quarta-feira, 13, acompanhado de deputados federais e secret\u00e1rios de Estado. Pela manh\u00e3, esteve no Minist\u00e9rio da Sa\u00fade, Secretaria do Tesouro Nacional (STN) e na Funda\u00e7\u00e3o Nacional de Sa\u00fade (Funasa). Com o ministro da Sa\u00fade, Gilberto Occhi, Carlesse tratou da libera\u00e7\u00e3o de recursos de [&hellip;]<\/p>\n","protected":false},"author":2,"featured_media":549,"comment_status":"open","ping_status":"open","sticky":false,"template":"","format":"standard","meta":[],"categories":[2,3],"tags":[],"_links":{"self":[{"href":"https:\/\/dgospel.com.br\/portal\/index.php\/wp-json\/wp\/v2\/posts\/540"}],"collection":[{"href":"https:\/\/dgospel.com.br\/portal\/index.php\/wp-json\/wp\/v2\/posts"}],"about":[{"href":"https:\/\/dgospel.com.br\/portal\/index.php\/wp-json\/wp\/v2\/types\/post"}],"author":[{"embeddable":true,"href":"https:\/\/dgospel.com.br\/portal\/index.php\/wp-json\/wp\/v2\/users\/2"}],"replies":[{"embeddable":true,"href":"https:\/\/dgospel.com.br\/portal\/index.php\/wp-json\/wp\/v2\/comments?post=540"}],"version-history":[{"count":1,"href":"https:\/\/dgospel.com.br\/portal\/index.php\/wp-json\/wp\/v2\/posts\/540\/revisions"}],"predecessor-version":[{"id":542,"href":"https:\/\/dgospel.com.br\/portal\/index.php\/wp-json\/wp\/v2\/posts\/540\/revisions\/542"}],"wp:featuredmedia":[{"embeddable":true,"href":"https:\/\/dgospel.com.br\/portal\/index.php\/wp-json\/wp\/v2\/media\/549"}],"wp:attachment":[{"href":"https:\/\/dgospel.com.br\/portal\/index.php\/wp-json\/wp\/v2\/media?parent=540"}],"wp:term":[{"taxonomy":"category","embeddable":true,"href":"https:\/\/dgospel.com.br\/portal\/index.php\/wp-json\/wp\/v2\/categories?post=540"},{"taxonomy":"post_tag","embeddable":true,"href":"https:\/\/dgospel.com.br\/portal\/index.php\/wp-json\/wp\/v2\/tags?post=540"}],"curies":[{"name":"wp","href":"https:\/\/api.w.org\/{rel}","templated":true}]}}