{"id":5411,"date":"2020-04-13T22:44:02","date_gmt":"2020-04-14T01:44:02","guid":{"rendered":"http:\/\/dgospel.com.br\/portal\/?p=5411"},"modified":"2020-04-13T22:44:04","modified_gmt":"2020-04-14T01:44:04","slug":"bolsonaro-faz-culto-de-pascoa-com-lideres-religiosos-lutamos-acreditando-em-deus","status":"publish","type":"post","link":"https:\/\/dgospel.com.br\/portal\/index.php\/2020\/04\/13\/bolsonaro-faz-culto-de-pascoa-com-lideres-religiosos-lutamos-acreditando-em-deus\/","title":{"rendered":"Bolsonaro faz culto de P\u00e1scoa com l\u00edderes religiosos: \u201cLutamos acreditando em Deus\u201d"},"content":{"rendered":"\n<p>O presidente Jair Bolsonaro se reuniu com l\u00edderes religiosos na tarde deste domingo (12) para celebrar a&nbsp;<a href=\"https:\/\/guiame.com.br\/gospel\/noticias\/bolsonaro-celebra-pascoa-no-planalto-e-cita-jesus-o-pai-o-enviou-para-nos-salvar.html\"><strong>P\u00e1scoa<\/strong><\/a>&nbsp;a partir do Pal\u00e1cio da Alvorada. O encontro foi realizado atrav\u00e9s de uma videoconfer\u00eancia devido \u00e0 pandemia do novo coronav\u00edrus (Covid-19).<\/p>\n\n\n\n<p>Em seu discurso, Bolsonaro lembrou do milagre vivido por ele em 6 de setembro de 2018, quando foi atingido por uma facada em Juiz de Fora (MG). \u201cTenho certeza que por Deus e pelas m\u00e3os dos m\u00e9dicos eu fui salvo, bem como pelas&nbsp;<a href=\"https:\/\/guiame.com.br\/gospel\/noticias\/em-dia-de-jejum-bolsonaro-se-ajoelha-para-receber-oracao-em-brasilia.html\"><strong>ora\u00e7\u00f5es<\/strong><\/a>&nbsp;de milh\u00f5es de pessoas\u201d, afirmou.<\/p>\n\n\n\n<p>O presidente citou ainda um segundo milagre, o que chamou de \u201cmilagre da elei\u00e7\u00e3o\u201d. \u201cVejo aqui na minha frente alguns que j\u00e1 foram pol\u00edticos e essas pessoas sabem como \u00e9 a pol\u00edtica no Brasil. O perfil para chegar \u00e0 presid\u00eancia n\u00e3o era o meu\u201d, observou.<\/p>\n\n\n\n<p>Bolsonaro ainda revelou que o slogan \u201cBrasil acima de tudo\u201d nasceu do ambiente militar, mas o complemento \u201cDeus acima de todos\u201d foi dito pela primeira vez em um discurso aos evang\u00e9licos.<\/p>\n\n\n\n<p>\u201cH\u00e1 seis anos eu estava em um evento no Congresso Nacional com v\u00e1rios parlamentares. De repente chegou um pastor dizendo que eu deveria falar. Eu fiquei bolando o que falar para 20 mil evang\u00e9licos. Confesso que quando eu falei \u2018Brasil acima de tudo\u2019 eu n\u00e3o sabia como complementar, e alguma coisa dentro de mim mandou eu falar \u2018Deus acima de todos\u2019\u201d, contou o presidente.<\/p>\n\n\n\n<p>\u201cA responsabilidade \u00e9 muito grande, a cruz \u00e9 muito pesada, mas com milh\u00f5es de pessoas ao meu lado, que t\u00eam o cora\u00e7\u00e3o verde e amarelo, que creem em Deus e acreditam no Pa\u00eds, podemos vencer esse obst\u00e1culo\u201d, declarou. \u201cSempre lutamos acreditando em Deus acima de tudo\u201d.<\/p>\n\n\n\n<p>\u201cFeliz P\u00e1scoa! Que n\u00f3s, cada vez mais, nos entreguemos nas m\u00e3os do nosso Criador\u201d, finalizou Bolsonaro.<\/p>\n\n\n\n<p>O encontro foi mediado por \u00cdris Abravanel, esposa do fundador do SBT, Silvio Santos. No in\u00edcio da reuni\u00e3o, ela falou sobre a P\u00e1scoa celebrada pelos judeus no Egito, antes do \u00eaxodo em dire\u00e7\u00e3o a Cana\u00e3.<\/p>\n\n\n\n<p>\u201cA P\u00e1scoa tem que ser lembrada todos os dias. Devemos lembrar que n\u00f3s temos uma promessa, que iremos chegar a Terra Prometida, e que Deus \u00e9 fiel para cumprir as promessas Dele\u201d, disse \u00cdris.<\/p>\n\n\n\n<p>Mais de 7 mil pessoas acompanharam ao vivo na transmiss\u00e3o da TV Brasil pelo YouTube e outras 18 mil nas redes sociais da presid\u00eancia.<\/p>\n\n\n\n<p>L\u00edderes evang\u00e9licos, cat\u00f3licos e judeus participaram da celebra\u00e7\u00e3o de P\u00e1scoa, como o ap\u00f3stolo Luiz Herm\u00ednio, pastor Marco Feliciano, bispo Eduardo Bravo, pastor Josu\u00e9 Valandro Jr., ap\u00f3stolo Estevam Hernandes, pastor Silas Malafaia, bispo Abner Ferreira, pastor Samuel C\u00e2mara, bispo J.B. Carvalho, pastor Te\u00f3filo Hayashi, mission\u00e1rio R.R. Soares, bispo Rodovalho, ap\u00f3stolo Ren\u00ea Terra Nova, pastor Andr\u00e9 Valad\u00e3o, padre Reginaldo Manzotti, dom Fernando Ant\u00f4nio Figueiredo e rabino Leib Rojtenberg.<\/p>\n\n\n\n<p>Os momentos de louvor contaram com a participa\u00e7\u00e3o de bispa S\u00f4nia, Eyshila, Andr\u00e9 Valad\u00e3o, Minist\u00e9rio Atitude, Adriana Arydes e padre Reginaldo Manzotti.<\/p>\n\n\n\n<p>Luiz Herm\u00ednio agradeceu a Bolsonaro por responder ao seu&nbsp;<a href=\"https:\/\/guiame.com.br\/gospel\/mundo-cristao\/bolsonaro-proclama-jejum-pelo-brasil-no-proximo-domingo.html\"><strong>pedido de jejum<\/strong><\/a>, realizado por crist\u00e3os de todo o Brasil no \u00faltimo domingo (5). \u201cJesus morreu a nossa morte para que pud\u00e9ssemos viver a Sua vida. Deus est\u00e1 batizando a nossa na\u00e7\u00e3o de temor. O homem que teme a Deus tem dire\u00e7\u00e3o em sua vida. Existe um segredo guardado no cora\u00e7\u00e3o de Deus que \u00e9 liberado para todo aquele que O teme\u201d, afirmou.<\/p>\n\n\n\n<p>Silas Malafaia tamb\u00e9m falou sobre o significado da P\u00e1scoa e comentou o atual cen\u00e1rio. \u201cDesde o in\u00edcio desta pandemia eu tenho liberado alguma palavra: n\u00e3o vamos ter em nosso pa\u00eds uma desgra\u00e7a de morte, os profetas do caos ficar\u00e3o envergonhados. Eu declaro, na autoridade do nome de Jesus, que dentro de pouco tempo o Brasil vai usufruir de um tempo de prosperidade que nunca aconteceu na nossa hist\u00f3ria\u201d.<\/p>\n\n\n\n<p>\u201cEm meio a toda essa luta, a ressurrei\u00e7\u00e3o existe. Existe um Deus que tem todo o poder, um Cristo capaz de nos tirar das trevas e nos trazer para a luz da vida eterna\u201d, disse o pastor&nbsp; Josu\u00e9 Valandro Jr. \u201cLouvo a Deus por um presidente que nos permite reunir lideran\u00e7as evang\u00e9licas e cat\u00f3licas para declarar que Jesus Cristo est\u00e1 vivo\u201d.<\/p>\n\n\n\n<p>O pastor e deputado federal Marco Feliciano concordou com Malafaia. \u201cSemana passada o Brasil todo parou para um tempo de jejum, e tudo isso moveu os c\u00e9us do Brasil\u201d, disse ele, observando mudan\u00e7as nos \u00faltimos dias, como a aceita\u00e7\u00e3o da hidroxicloroquina como medica\u00e7\u00e3o para combater o coronav\u00edrus.<\/p>\n\n\n\n<p>\u201cO senhor presidente nunca negou uma ora\u00e7\u00e3o, seja no avi\u00e3o ou no hotel, por causa do temor\u201d, destacou Feliciano sobre viagens realizadas na companhia de Bolsonaro.<\/p>\n\n\n\n<p>Representando a gera\u00e7\u00e3o mais jovem, o pastor T\u00e9o Hayashi falou sobre a mensagem de perd\u00e3o e gra\u00e7a de Cristo. \u201cEsse Jesus que vivo est\u00e1, que continua exercendo poder, compaix\u00e3o e perd\u00e3o, \u00e9 o Jesus a quem estamos clamando. Por favor Jesus, estenda Sua gra\u00e7a a miseric\u00f3rdia sobre o Brasil. Eu tenho esperan\u00e7a no Brasil porque o amor de Deus n\u00e3o tem fim sobre a nossa na\u00e7\u00e3o; as miseric\u00f3rdias de Deus s\u00e3o inesgot\u00e1veis sobre o territ\u00f3rio brasileiro\u201d.<\/p>\n\n\n\n<p>O padre Reginaldo Manzotti falou \u00e0s fam\u00edlias que est\u00e3o celebrando a P\u00e1scoa em suas casas: \u201cVoc\u00ea que est\u00e1 em casa fa\u00e7a, as pazes com Deus. Deus n\u00e3o mandou essa pandemia, Ele a permitiu. E se Ele permitiu, Ele sabia que o homem poderia tirar algo de proveitoso dela. Que essa situa\u00e7\u00e3o possa nos fazer pessoas melhores e um Brasil melhor. Que nessa estadia em casa, com todas as limita\u00e7\u00f5es, relacionamentos podem ser resgatados, vidas podem ser restauradas e a presen\u00e7a de Deus pode ser despertada em n\u00f3s\u201d, disse.<\/p>\n\n\n\n<p>O rabino Leib Rojtenberg explicou sobre o significado da Pessach e dos s\u00edmbolos que representam a P\u00e1scoa judaica. \u201cHoje estamos em uma situa\u00e7\u00e3o que nunca foi vivenciada na nossa gera\u00e7\u00e3o; uma grande praga tem mudado nossa rotina e nosso modo de pensar\u201d, afirmou. \u201cA mensagem \u00e9 muito clara: em meio a uma gera\u00e7\u00e3o em que tudo \u00e9 instant\u00e2neo, conversas s\u00e3o escassas. A m\u00e3o de Deus conseguiu entrar e parou o mundo inteiro e colocou todos n\u00f3s na mesma situa\u00e7\u00e3o: dentro de casa.<\/p>\n\n\n\n<p>\n\nFONTE: GUIAME, LUANA NOVAES\n\n<\/p>\n","protected":false},"excerpt":{"rendered":"<p>O presidente Jair Bolsonaro se reuniu com l\u00edderes religiosos na tarde deste domingo (12) para celebrar a&nbsp;P\u00e1scoa&nbsp;a partir do Pal\u00e1cio da Alvorada. O encontro foi realizado atrav\u00e9s de uma videoconfer\u00eancia devido \u00e0 pandemia do novo coronav\u00edrus (Covid-19). Em seu discurso, Bolsonaro lembrou do milagre vivido por ele em 6 de setembro de 2018, quando foi [&hellip;]<\/p>\n","protected":false},"author":2,"featured_media":5412,"comment_status":"open","ping_status":"open","sticky":false,"template":"","format":"standard","meta":[],"categories":[5,6],"tags":[],"_links":{"self":[{"href":"https:\/\/dgospel.com.br\/portal\/index.php\/wp-json\/wp\/v2\/posts\/5411"}],"collection":[{"href":"https:\/\/dgospel.com.br\/portal\/index.php\/wp-json\/wp\/v2\/posts"}],"about":[{"href":"https:\/\/dgospel.com.br\/portal\/index.php\/wp-json\/wp\/v2\/types\/post"}],"author":[{"embeddable":true,"href":"https:\/\/dgospel.com.br\/portal\/index.php\/wp-json\/wp\/v2\/users\/2"}],"replies":[{"embeddable":true,"href":"https:\/\/dgospel.com.br\/portal\/index.php\/wp-json\/wp\/v2\/comments?post=5411"}],"version-history":[{"count":1,"href":"https:\/\/dgospel.com.br\/portal\/index.php\/wp-json\/wp\/v2\/posts\/5411\/revisions"}],"predecessor-version":[{"id":5413,"href":"https:\/\/dgospel.com.br\/portal\/index.php\/wp-json\/wp\/v2\/posts\/5411\/revisions\/5413"}],"wp:featuredmedia":[{"embeddable":true,"href":"https:\/\/dgospel.com.br\/portal\/index.php\/wp-json\/wp\/v2\/media\/5412"}],"wp:attachment":[{"href":"https:\/\/dgospel.com.br\/portal\/index.php\/wp-json\/wp\/v2\/media?parent=5411"}],"wp:term":[{"taxonomy":"category","embeddable":true,"href":"https:\/\/dgospel.com.br\/portal\/index.php\/wp-json\/wp\/v2\/categories?post=5411"},{"taxonomy":"post_tag","embeddable":true,"href":"https:\/\/dgospel.com.br\/portal\/index.php\/wp-json\/wp\/v2\/tags?post=5411"}],"curies":[{"name":"wp","href":"https:\/\/api.w.org\/{rel}","templated":true}]}}