{"id":5417,"date":"2020-04-14T08:20:29","date_gmt":"2020-04-14T11:20:29","guid":{"rendered":"http:\/\/dgospel.com.br\/portal\/?p=5417"},"modified":"2020-04-14T08:30:07","modified_gmt":"2020-04-14T11:30:07","slug":"comite-de-crise-aprova-recomendacoes-visando-retomada-gradativa-da-atividade-economica-do-estado","status":"publish","type":"post","link":"https:\/\/dgospel.com.br\/portal\/index.php\/2020\/04\/14\/comite-de-crise-aprova-recomendacoes-visando-retomada-gradativa-da-atividade-economica-do-estado\/","title":{"rendered":"Comit\u00ea de Crise aprova recomenda\u00e7\u00f5es visando retomada gradativa da atividade econ\u00f4mica do Estado"},"content":{"rendered":"\n<p>Nesta segunda-feira, 13, o Comit\u00ea de Crise para preven\u00e7\u00e3o do\u00a0 novo Coronav\u00edrus, causador da Covid-19,\u00a0 se reuniu por meio de videoconfer\u00eancia para estabelecer medidas para a retomada gradativa dos trabalhos de alguns setores econ\u00f4micos. As sugest\u00f5es estabelecem algumas atividades administrativas, seguindo com cautela os cuidados com a sa\u00fade e o distanciamento social.  \u00a0As novas recomenda\u00e7\u00f5es foram publicadas no Di\u00e1rio Oficial desta segunda-feira, 13. <br><br>De acordo com o documento, fica permitido o funcionamento de estabelecimentos comerciais que realizarem atividades e servi\u00e7os privados n\u00e3o essenciais, mantendo-se r\u00edgido controle de acesso para evitar aglomera\u00e7\u00f5es, estimulando\u00a0a lavagem das m\u00e3os, o uso de \u00e1lcool em gel 70% e a observ\u00e2ncia da etiqueta respirat\u00f3ria<br><br>O governador do Estado, Mauro Carlesse, lembrou que o Tocantins completou 30 dias de isolamento social, e neste per\u00edodo conseguiu se manter est\u00e1vel no n\u00famero de casos da Covid-19, sem causar qualquer colapso na rede p\u00fablica de sa\u00fade.<br><br>\u201cO Tocantins foi o primeiro Estado do Norte do Brasil que institucionalizou as medidas de preven\u00e7\u00e3o, monitoramento, controle e combate ao novo Coronav\u00edrus, antes mesmo que aparecesse o primeiro caso. A popula\u00e7\u00e3o seguiu com respeito todas as recomenda\u00e7\u00f5es propostas, mesmo diante de muitas dificuldades. Por isso, ap\u00f3s analisar os dados da sa\u00fade, propomos a retomada das atividades de alguns setores, permanecendo com alguns cuidados b\u00e1sicos de seguran\u00e7a para que essa doen\u00e7a n\u00e3o aumente o n\u00famero de infectados, principalmente no quesito do distanciamento social seletivo\u201d, afirmou o governador.<br><br>O Distanciamento Social Seletivo \u00e9 um conceito t\u00e9cnico que se caracteriza por manter apenas alguns grupos isolados, selecionados por apresentarem mais riscos em desenvolver a doen\u00e7a, ou mesmo aqueles que podem apresentar um quadro mais grave, como idosos, pessoas com doen\u00e7as cr\u00f4nicas (diabetes, cardiopatas, dentre outros), al\u00e9m de condi\u00e7\u00f5es como obesidade e gesta\u00e7\u00e3o de risco.<br><br>O secret\u00e1rio de Estado da Sa\u00fade, Dr. Edgar Tollini, pontua que a retomada das atividades econ\u00f4micas por meio das pessoas que n\u00e3o est\u00e3o no grupo de risco, segue baseada nos dados positivos que o Tocantins apresentou durante a pandemia.<br><br>\u201cSomos o Estado com menor n\u00famero de casos no pa\u00eds, somente 26 casos, que representa 1,63% por 100 mil habitantes. Somos o \u00fanico Estado, que n\u00e3o atestou nenhum \u00f3bito e n\u00e3o teve nenhuma interna\u00e7\u00e3o em leito p\u00fablico, al\u00e9m de termos obtido somente 47% de ocupa\u00e7\u00e3o em nossos hospitais, n\u00e3o deixando de atender as demandas de outras enfermidades\u201d, explicou o secret\u00e1rio Edgar Tollini.<br><br>O Governo segue a retomada das atividades com o apoio de todos os poderes e membros do Comit\u00ea de Crise, que v\u00ea a necessidade da retomada das atividades para restabelecer a sa\u00fade econ\u00f4mica do Tocantins.<br><br>O presidente do Tribunal de Justi\u00e7a, desembargador Helv\u00e9cio de Brito, destacou que a preocupa\u00e7\u00e3o social foi preponderante neste momento cr\u00edtico, mas que o fator econ\u00f4mico tamb\u00e9m \u00e9 uma ferramenta importante para o crescimento do Estado, por isso que \u201c\u00e9 o momento de flexibilizar, porque o Tocantins \u00e9 economicamente fr\u00e1gil\u201d.<br><br>Para a procuradora-geral de Justi\u00e7a, Maria Cotinha Bezerra, \u201c\u00e9 um al\u00edvio a proposta de retomada dentro dos cuidados essenciais recomendados pela Sa\u00fade. A partir de agora, manteremos nossas rotinas, s\u00f3 que nos cuidando mais e de forma mais disciplinada no combate dessa doen\u00e7a\u201d, ressaltou.<br><br><strong>Entenda as Mudan\u00e7as<\/strong><br><br>No dia 21 de mar\u00e7o, em raz\u00e3o da pandemia da doen\u00e7a Covid-19, o Estado declarou estado de calamidade p\u00fablica com o Decreto n\u00ba 6.072. Dentre as v\u00e1rias a\u00e7\u00f5es contidas est\u00e1 a presta\u00e7\u00e3o de servi\u00e7o de transporte coletivo urbano e rural, bem como coletivo intermunicipal de passageiros, p\u00fablico e privado, que exceda \u00e0 metade da capacidade de usu\u00e1rios sentados, ou qualquer evento que leve \u00e0 aglomera\u00e7\u00e3o de pessoas, dentre outros como a autoriza\u00e7\u00e3o do trabalho remoto para grupos espec\u00edficos.<br><br>Segundo o secret\u00e1rio da Casa Civil, Rolf Vidal, no que diz respeito as restri\u00e7\u00f5es e veda\u00e7\u00f5es do Decreto, elas permanecem: aglomera\u00e7\u00e3o, circula\u00e7\u00e3o dos transportes e as visitas as unidades prisionais continuam restritas.<br><br>\u201cO ponto que ser\u00e1 flexibilizado s\u00e3o os pontos que recomendava apenas o funcionamento de servi\u00e7os essenciais, considerados pelo Decreto Federal. Os servi\u00e7os voltar\u00e3o gradativamente \u00e0 sua normalidade e ser\u00e3o monitorados semanalmente, ou at\u00e9 diariamente em cada cidade sob a orienta\u00e7\u00e3o da manuten\u00e7\u00e3o e respeito \u00e0s regras sanit\u00e1rias\u201d, complementou o secret\u00e1rio Rolf Vidal<br>\u00a0<\/p>\n\n\n\n<p><strong>Recomenda\u00e7\u00f5es<\/strong><br><br>O Comit\u00ea de Crise recomenda algumas medidas de preven\u00e7\u00e3o e controle para a continuidade das atividades:<br><br>\u00b7 Garantir o distanciamento em filas para pagamento com marca\u00e7\u00e3o identificada aos clientes;<br><br>\u00b7 Recomenda-se a suspens\u00e3o do transito interestadual, bem como visitantes de outros estados;<br><br>\u00b7 Manter o distanciamento entre os colaboradores com dist\u00e2ncia de 2 metros;<br><br>\u00b7 Manter o ambiente arejado;<br><br>\u00b7 Banheiros higienizados dotados de sab\u00e3o l\u00edquido e papel toalha;<br><br>\u00b7 Disponibilizar utens\u00edlios descart\u00e1veis nos servi\u00e7os de bebidas e alimenta\u00e7\u00e3o;<br><br>\u00b7 Os estabelecimentos comerciais estar\u00e3o sujeitos \u00e0 fiscaliza\u00e7\u00e3o pela Vigil\u00e2ncia Sanit\u00e1ria municipal, apoio dos \u00f3rg\u00e3os e corpora\u00e7\u00e3o integrantes da Secretaria de Seguran\u00e7a P\u00fablica do Tocantins e Guardas Metropolitanas.<br><br><strong>Participantes<\/strong><\/p>\n\n\n\n<p>Participaram da reuni\u00e3o, o presidente do Tribunal de Justi\u00e7a, o desembargador Helv\u00e9cio de Brito Maia Neto; a procuradora-geral de Justi\u00e7a, Maria Cotinha; o presidente do Tribunal de Contas do Estado do Tocantins (TCE-TO), conselheiro Severiano Jos\u00e9 Costandrade; o defensor p\u00fablico-geral, F\u00e1bio Monteiro; o presidente da Ordem dos Advogados no Tocantins (OAB-TO);\u00a0Tenente Coronel Marcelo Costa de Abreu Subcomandante do 22\u00b0 Batalh\u00e3o de Infantaria do Ex\u00e9rcito Brasileiro;\u00a0o secret\u00e1rio-chefe da Casa Civil, Rolf Costa Vidal; o secret\u00e1rio de Estado da Fazenda e Planejamento, Sandro Henrique Armando; a secret\u00e1ria de Educa\u00e7\u00e3o, Juventude e Esportes, Adriana Aguiar; o secret\u00e1rio da Seguran\u00e7a P\u00fablica, Cristiano Sampaio; o secret\u00e1rio de Comunica\u00e7\u00e3o, \u00c9lcio Mendes; o comandante geral dos Bombeiros, Reginaldo Leandro; o comandante-geral da Policia Militar, Jaizon Veras; o Capit\u00e3o de Corveta da Capitania Fluvial Araguaia-Tocantins, Marcelo Barros; o superintendente da Pol\u00edcia Rodovi\u00e1ria Federal (PRF) Halisson Melo.<\/p>\n\n\n\n<figure class=\"wp-block-image\"><img loading=\"lazy\" width=\"720\" height=\"777\" src=\"http:\/\/dgospel.com.br\/portal\/wp-content\/uploads\/2020\/04\/o.jpg\" alt=\"\" class=\"wp-image-5421\" srcset=\"https:\/\/dgospel.com.br\/portal\/wp-content\/uploads\/2020\/04\/o.jpg 720w, https:\/\/dgospel.com.br\/portal\/wp-content\/uploads\/2020\/04\/o-278x300.jpg 278w\" sizes=\"(max-width: 720px) 100vw, 720px\" \/><\/figure>\n\n\n\n<p><\/p>\n","protected":false},"excerpt":{"rendered":"<p>Nesta segunda-feira, 13, o Comit\u00ea de Crise para preven\u00e7\u00e3o do\u00a0 novo Coronav\u00edrus, causador da Covid-19,\u00a0 se reuniu por meio de videoconfer\u00eancia para estabelecer medidas para a retomada gradativa dos trabalhos de alguns setores econ\u00f4micos. As sugest\u00f5es estabelecem algumas atividades administrativas, seguindo com cautela os cuidados com a sa\u00fade e o distanciamento social. \u00a0As novas recomenda\u00e7\u00f5es [&hellip;]<\/p>\n","protected":false},"author":2,"featured_media":5418,"comment_status":"open","ping_status":"open","sticky":false,"template":"","format":"standard","meta":[],"categories":[4],"tags":[],"_links":{"self":[{"href":"https:\/\/dgospel.com.br\/portal\/index.php\/wp-json\/wp\/v2\/posts\/5417"}],"collection":[{"href":"https:\/\/dgospel.com.br\/portal\/index.php\/wp-json\/wp\/v2\/posts"}],"about":[{"href":"https:\/\/dgospel.com.br\/portal\/index.php\/wp-json\/wp\/v2\/types\/post"}],"author":[{"embeddable":true,"href":"https:\/\/dgospel.com.br\/portal\/index.php\/wp-json\/wp\/v2\/users\/2"}],"replies":[{"embeddable":true,"href":"https:\/\/dgospel.com.br\/portal\/index.php\/wp-json\/wp\/v2\/comments?post=5417"}],"version-history":[{"count":2,"href":"https:\/\/dgospel.com.br\/portal\/index.php\/wp-json\/wp\/v2\/posts\/5417\/revisions"}],"predecessor-version":[{"id":5422,"href":"https:\/\/dgospel.com.br\/portal\/index.php\/wp-json\/wp\/v2\/posts\/5417\/revisions\/5422"}],"wp:featuredmedia":[{"embeddable":true,"href":"https:\/\/dgospel.com.br\/portal\/index.php\/wp-json\/wp\/v2\/media\/5418"}],"wp:attachment":[{"href":"https:\/\/dgospel.com.br\/portal\/index.php\/wp-json\/wp\/v2\/media?parent=5417"}],"wp:term":[{"taxonomy":"category","embeddable":true,"href":"https:\/\/dgospel.com.br\/portal\/index.php\/wp-json\/wp\/v2\/categories?post=5417"},{"taxonomy":"post_tag","embeddable":true,"href":"https:\/\/dgospel.com.br\/portal\/index.php\/wp-json\/wp\/v2\/tags?post=5417"}],"curies":[{"name":"wp","href":"https:\/\/api.w.org\/{rel}","templated":true}]}}