{"id":5423,"date":"2020-04-14T16:14:45","date_gmt":"2020-04-14T19:14:45","guid":{"rendered":"http:\/\/dgospel.com.br\/portal\/?p=5423"},"modified":"2020-04-14T16:14:46","modified_gmt":"2020-04-14T19:14:46","slug":"leo-barbosa-destaca-retomada-de-atividades-economicas-no-estado-mas-pede-cautela-e-alerta-o-tocantins-nao-venceu-o-coronavirus","status":"publish","type":"post","link":"https:\/\/dgospel.com.br\/portal\/index.php\/2020\/04\/14\/leo-barbosa-destaca-retomada-de-atividades-economicas-no-estado-mas-pede-cautela-e-alerta-o-tocantins-nao-venceu-o-coronavirus\/","title":{"rendered":"L\u00e9o Barbosa destaca retomada de atividades econ\u00f4micas no Estado, mas pede cautela e alerta: &#8220;O Tocantins n\u00e3o venceu o coronav\u00edrus&#8221;"},"content":{"rendered":"\n<p>\n\nDurante a sess\u00e3o ordin\u00e1ria desta ter\u00e7a-feira (14), na Assembleia Legislativa do Tocantins, o deputado estadual L\u00e9o Barbosa (SD) destacou a atitude do Governo do Estado em adotar o Isolamento Social Vertical, em raz\u00e3o da pandemia do coronav\u00edrus, e liberar atividades n\u00e3o essenciais a partir de hoje. No entanto, o parlamentar ressaltou que \u00e9 preciso responsabilidade e cautela por parte da popula\u00e7\u00e3o, pois o Tocantins n\u00e3o venceu o Coronav\u00edrus.<\/p>\n\n\n\n<p>Nesta segunda-feira, 13, o Comit\u00ea de Crise para preven\u00e7\u00e3o do Coronav\u00edrus, causador da Covid-19, se reuniu para estabelecer medidas para a retomada gradativa dos trabalhos de alguns setores econ\u00f4micos, seguindo com cautela os cuidados com a sa\u00fade e o distanciamento social. As novas recomenda\u00e7\u00f5es foram publicadas no Decreto N\u00ba 6.083\/2020.<\/p>\n\n\n\n<p>De acordo com Barbosa, o segmento empresarial precisa ser levado em conta neste momento em que o estado consegue controlar a pandemia e que respeitando as recomenda\u00e7\u00f5es ser\u00e1 poss\u00edvel manter os baixos \u00edndices de contamina\u00e7\u00e3o registrados at\u00e9 o momento no estado.<\/p>\n\n\n\n<p>Apesar de entender a necessidade da retomada das atividades econ\u00f4micas, o parlamentar ressalta que \u00e9 preciso cautela por parte da popula\u00e7\u00e3o. \u201cO Tocantins n\u00e3o venceu o Coronav\u00edrus, o Tocantins est\u00e1 conseguindo controlar a epidemia, \u00e9 diferente. Ent\u00e3o n\u00f3s n\u00e3o podemos sair fazendo aglomera\u00e7\u00e3o e promovendo eventos que causem potencial aumento de contamina\u00e7\u00e3o. Quero chama a aten\u00e7\u00e3o para isso, para que os tocantinenses compreendam que n\u00f3s estamos preocupados nesse momento, n\u00e3o apenas para que n\u00e3o haja um colapso na sa\u00fade, mas que tamb\u00e9m n\u00e3o haja um colapso na economia\u201d, completou.<\/p>\n\n\n\n<p><strong>\u00c1lcool em gel nas cestas b\u00e1sicas<\/strong><br><br>Ainda durante a sess\u00e3o, o parlamentar pediu, atrav\u00e9s de requerimento enviado ao governo, a inclus\u00e3o de \u00e1lcool em gel 70% nas cestas b\u00e1sicas fornecidas pelo estado \u00e0s fam\u00edlias carentes. Barbosa destaca que o item \u00e9 de extrema import\u00e2ncia e que n\u00e3o \u00e9 acess\u00edvel a todos. \u201cO \u00e1lcool tem sido um importante instrumento na preven\u00e7\u00e3o e combate ao v\u00edrus, mas nem todos conseguem ter acesso. Queremos que este item tamb\u00e9m chegue nas casas das fam\u00edlias mais carentes\u201d, justificou.\n\n<\/p>\n","protected":false},"excerpt":{"rendered":"<p>Durante a sess\u00e3o ordin\u00e1ria desta ter\u00e7a-feira (14), na Assembleia Legislativa do Tocantins, o deputado estadual L\u00e9o Barbosa (SD) destacou a atitude do Governo do Estado em adotar o Isolamento Social Vertical, em raz\u00e3o da pandemia do coronav\u00edrus, e liberar atividades n\u00e3o essenciais a partir de hoje. No entanto, o parlamentar ressaltou que \u00e9 preciso responsabilidade [&hellip;]<\/p>\n","protected":false},"author":2,"featured_media":5424,"comment_status":"open","ping_status":"open","sticky":false,"template":"","format":"standard","meta":[],"categories":[8],"tags":[],"_links":{"self":[{"href":"https:\/\/dgospel.com.br\/portal\/index.php\/wp-json\/wp\/v2\/posts\/5423"}],"collection":[{"href":"https:\/\/dgospel.com.br\/portal\/index.php\/wp-json\/wp\/v2\/posts"}],"about":[{"href":"https:\/\/dgospel.com.br\/portal\/index.php\/wp-json\/wp\/v2\/types\/post"}],"author":[{"embeddable":true,"href":"https:\/\/dgospel.com.br\/portal\/index.php\/wp-json\/wp\/v2\/users\/2"}],"replies":[{"embeddable":true,"href":"https:\/\/dgospel.com.br\/portal\/index.php\/wp-json\/wp\/v2\/comments?post=5423"}],"version-history":[{"count":1,"href":"https:\/\/dgospel.com.br\/portal\/index.php\/wp-json\/wp\/v2\/posts\/5423\/revisions"}],"predecessor-version":[{"id":5425,"href":"https:\/\/dgospel.com.br\/portal\/index.php\/wp-json\/wp\/v2\/posts\/5423\/revisions\/5425"}],"wp:featuredmedia":[{"embeddable":true,"href":"https:\/\/dgospel.com.br\/portal\/index.php\/wp-json\/wp\/v2\/media\/5424"}],"wp:attachment":[{"href":"https:\/\/dgospel.com.br\/portal\/index.php\/wp-json\/wp\/v2\/media?parent=5423"}],"wp:term":[{"taxonomy":"category","embeddable":true,"href":"https:\/\/dgospel.com.br\/portal\/index.php\/wp-json\/wp\/v2\/categories?post=5423"},{"taxonomy":"post_tag","embeddable":true,"href":"https:\/\/dgospel.com.br\/portal\/index.php\/wp-json\/wp\/v2\/tags?post=5423"}],"curies":[{"name":"wp","href":"https:\/\/api.w.org\/{rel}","templated":true}]}}