{"id":5426,"date":"2020-04-14T16:17:55","date_gmt":"2020-04-14T19:17:55","guid":{"rendered":"http:\/\/dgospel.com.br\/portal\/?p=5426"},"modified":"2020-04-14T16:17:56","modified_gmt":"2020-04-14T19:17:56","slug":"laudecy-coimbra-defende-dialogo-para-flexibilizar-abertura-de-estabelecimentos-na-capital","status":"publish","type":"post","link":"https:\/\/dgospel.com.br\/portal\/index.php\/2020\/04\/14\/laudecy-coimbra-defende-dialogo-para-flexibilizar-abertura-de-estabelecimentos-na-capital\/","title":{"rendered":"Laudecy Coimbra defende di\u00e1logo para flexibilizar abertura de estabelecimentos na Capital"},"content":{"rendered":"\n<p>\n\nAo retornar as sess\u00f5es ordin\u00e1rias na Casa de Leis, na manh\u00e3 de ter\u00e7a-feira, 14, a vereadora Laudecy Coimbra (SD) aproveitou o momento para explanar sua posi\u00e7\u00e3o a favor do funcionamento dos com\u00e9rcios n\u00e3o essenciais de Palmas, com a devida cautela. Para a l\u00edder de governo, o momento \u00e9 prop\u00edcio para o di\u00e1logo entre as partes interessadas.<\/p>\n\n\n\n<p>A vereadora explicou que as medidas emergenciais foram tomadas na intens\u00e3o de evitar a propaga\u00e7\u00e3o da pandemia do coronav\u00edrus (COVID-19), por\u00e9m, \u00e9 preciso conversar sobre a situa\u00e7\u00e3o atual. \u201c\u00c9 hora de abrir uma flexibiliza\u00e7\u00e3o com as devidas restri\u00e7\u00f5es e de forma respons\u00e1vel, cumprindo as medidas de preven\u00e7\u00e3o\u201d, afirmou a vereadora, fazendo men\u00e7\u00e3o ao decreto do Governo do Estado que liberou a abertura de estabelecimentos n\u00e3o essenciais.<\/p>\n\n\n\n<p>A pandemia \u00e9 um problema que afeta todas as pessoas e seguimentos e, para Laudecy o di\u00e1logo \u00e9 essencial para amenizar a crise causada pelo contexto e encontrar uma solu\u00e7\u00e3o vi\u00e1vel para todos. \u201c\u00c9 fundamento que a C\u00e2mara participe das decis\u00f5es do Comit\u00ea de Gest\u00e3o e dialogue com todos os atores envolvidos na sistem\u00e1tica, como representantes de com\u00e9rcios e poderes de fiscaliza\u00e7\u00e3o, para entrar em comum acordo\u201d, assegurou.<\/p>\n\n\n\n<p>Na oportunidade, a vereadora chamou aten\u00e7\u00e3o da sociedade para o aumento de casos de viol\u00eancia dom\u00e9stica no estado. \u201cN\u00e3o podemos justificar o fato de uma pessoa cometer viol\u00eancia contra mulher e pessoas vulner\u00e1veis por causa do isolamento. Isso \u00e9 inadmiss\u00edvel&#8221;, protestou.<\/p>\n\n\n\n<p><\/p>\n\n\n\n<p><\/p>\n","protected":false},"excerpt":{"rendered":"<p>Ao retornar as sess\u00f5es ordin\u00e1rias na Casa de Leis, na manh\u00e3 de ter\u00e7a-feira, 14, a vereadora Laudecy Coimbra (SD) aproveitou o momento para explanar sua posi\u00e7\u00e3o a favor do funcionamento dos com\u00e9rcios n\u00e3o essenciais de Palmas, com a devida cautela. Para a l\u00edder de governo, o momento \u00e9 prop\u00edcio para o di\u00e1logo entre as partes [&hellip;]<\/p>\n","protected":false},"author":2,"featured_media":5427,"comment_status":"open","ping_status":"open","sticky":false,"template":"","format":"standard","meta":[],"categories":[8,4],"tags":[],"_links":{"self":[{"href":"https:\/\/dgospel.com.br\/portal\/index.php\/wp-json\/wp\/v2\/posts\/5426"}],"collection":[{"href":"https:\/\/dgospel.com.br\/portal\/index.php\/wp-json\/wp\/v2\/posts"}],"about":[{"href":"https:\/\/dgospel.com.br\/portal\/index.php\/wp-json\/wp\/v2\/types\/post"}],"author":[{"embeddable":true,"href":"https:\/\/dgospel.com.br\/portal\/index.php\/wp-json\/wp\/v2\/users\/2"}],"replies":[{"embeddable":true,"href":"https:\/\/dgospel.com.br\/portal\/index.php\/wp-json\/wp\/v2\/comments?post=5426"}],"version-history":[{"count":1,"href":"https:\/\/dgospel.com.br\/portal\/index.php\/wp-json\/wp\/v2\/posts\/5426\/revisions"}],"predecessor-version":[{"id":5428,"href":"https:\/\/dgospel.com.br\/portal\/index.php\/wp-json\/wp\/v2\/posts\/5426\/revisions\/5428"}],"wp:featuredmedia":[{"embeddable":true,"href":"https:\/\/dgospel.com.br\/portal\/index.php\/wp-json\/wp\/v2\/media\/5427"}],"wp:attachment":[{"href":"https:\/\/dgospel.com.br\/portal\/index.php\/wp-json\/wp\/v2\/media?parent=5426"}],"wp:term":[{"taxonomy":"category","embeddable":true,"href":"https:\/\/dgospel.com.br\/portal\/index.php\/wp-json\/wp\/v2\/categories?post=5426"},{"taxonomy":"post_tag","embeddable":true,"href":"https:\/\/dgospel.com.br\/portal\/index.php\/wp-json\/wp\/v2\/tags?post=5426"}],"curies":[{"name":"wp","href":"https:\/\/api.w.org\/{rel}","templated":true}]}}