{"id":5433,"date":"2020-04-16T21:15:42","date_gmt":"2020-04-17T00:15:42","guid":{"rendered":"http:\/\/dgospel.com.br\/portal\/?p=5433"},"modified":"2020-04-16T21:15:44","modified_gmt":"2020-04-17T00:15:44","slug":"bolsonaro-demite-mandetta-e-chama-nelson-teich-para-o-ministerio-da-saude","status":"publish","type":"post","link":"https:\/\/dgospel.com.br\/portal\/index.php\/2020\/04\/16\/bolsonaro-demite-mandetta-e-chama-nelson-teich-para-o-ministerio-da-saude\/","title":{"rendered":"Bolsonaro demite Mandetta e chama Nelson Teich para o Minist\u00e9rio da Sa\u00fade"},"content":{"rendered":"\n<p>O presidente Jair Bolsonaro demitiu nesta quinta-feira (16) o ent\u00e3o ministro da Sa\u00fade,&nbsp;<strong><a href=\"https:\/\/guiame.com.br\/gospel\/noticias\/pastores-preguem-pessoas-precisam-pede-ministro-da-saude.html\">Luiz Henrique Mandetta<\/a><\/strong>. A informa\u00e7\u00e3o foi confirmada pelo pr\u00f3prio ministro no Twitter.<\/p>\n\n\n\n<p>\u201cAcabo de ouvir do presidente Jair Bolsonaro o aviso da minha demiss\u00e3o do Minist\u00e9rio da Sa\u00fade. Quero agradecer a oportunidade que me foi dada, de ser gerente do nosso SUS, de p\u00f4r de p\u00e9 o projeto de melhoria da sa\u00fade dos brasileiros e de planejar o enfrentamento da pandemia do coronav\u00edrus, o grande desafio que o nosso sistema de sa\u00fade est\u00e1 por enfrentar\u201d, escreveu Mandetta.<\/p>\n\n\n\n<p>\u201cAgrade\u00e7o a toda a equipe que esteve comigo no MS e desejo \u00eaxito ao meu sucessor no cargo de ministro da Sa\u00fade. Rogo a Deus e a Nossa Senhora Aparecida que aben\u00e7oem muito o nosso pa\u00eds\u201d, prosseguiu.<\/p>\n\n\n\n<p>Ex-deputado federal (DEM-MS), Mandetta estava \u00e0 frente da pasta desde o in\u00edcio do governo Bolsonaro e ganhou maior visibilidade com a crise provocada pela pandemia do novo coronav\u00edrus.&nbsp;<\/p>\n\n\n\n<p>O desligamento de Mandetta em meio \u00e0 pandemia acontece ap\u00f3s semanas de desgaste devido \u00e0s diverg\u00eancias entre Bolsonaro e Mandetta sobre as estrat\u00e9gias para conter a velocidade do cont\u00e1gio da Covid-19.<\/p>\n\n\n\n<p>O desgaste piorou ap\u00f3s uma entrevista ao Fant\u00e1stico no domingo (12), na qual Mandetta disse que a popula\u00e7\u00e3o n\u00e3o sabe \u201cse escuta o presidente ou o ministro\u201d da Sa\u00fade em rela\u00e7\u00e3o a medidas.<\/p>\n\n\n\n<p>Na semana passada, Bolsonaro afirmou em entrevista \u00e0 r\u00e1dio Jovem Pan que ele e Mandetta estavam se \u201cbicando h\u00e1 algum tempo\u201d. O presidente ainda declarou que faltava \u201chumildade\u201d ao ministro.<\/p>\n\n\n\n<p><strong>Novo ministro da Sa\u00fade<\/strong><\/p>\n\n\n\n<p>Ao confirmar a demiss\u00e3o de Mandetta, Bolsonaro disse que o pr\u00f3ximo titular da pasta, o oncologista Nelson Teich, ter\u00e1 de analisar a pandemia do coronav\u00edrus como um todo, levando em conta tamb\u00e9m a economia e o emprego.<\/p>\n\n\n\n<p>\u201cO que eu conversei ao longo desse tempo com o oncologista doutor Nelson Teich, ao meu lado, que ele entendesse o problema como um todo\u201d, disse Bolsonaro em pronunciamento no Pal\u00e1cio do Planalto.<\/p>\n\n\n\n<p>\u201cJunto com o v\u00edrus veio uma verdadeira m\u00e1quina de moer empregos&#8230; O que eu conversei com o doutor Nelson \u00e9 que gradativamente temos de reabrir os empregos no Brasil\u201d, afirmou.<\/p>\n\n\n\n<p>O presidente disse ainda que teve uma conversa \u201cprodutiva\u201d e \u201ccordial\u201d com Mandetta e que a sa\u00edda do ministro se deu por \u201cum div\u00f3rcio consensual\u201d.<\/p>\n\n\n\n<p>\u201c\u00c9 direito do ainda ministro (Mandetta) defender seu ponto de vista como m\u00e9dico, e a quest\u00e3o de entender a quest\u00e3o do emprego n\u00e3o foi da forma que eu, como chefe do Executivo, achava que deveria ser tratada\u201d, disse Bolsonaro.<\/p>\n\n\n\n<p><strong>Quem \u00e9 Nelson Teich?<\/strong><\/p>\n\n\n\n<p>Com sua experi\u00eancia empresarial, o oncologista Nelson Luiz Sperle Teich foi consultor de sa\u00fade da campanha eleitoral de Bolsonaro. \u00c9 formado em medicina pela UERJ (Universidade do Estado do Rio de Janeiro) e cursou suas duas especializa\u00e7\u00f5es em oncologia, no Hospital de Ipanema e no Instituto Nacional do C\u00e2ncer.&nbsp;<\/p>\n\n\n\n<p>Desde ent\u00e3o, seu foco acad\u00eamico foi unir medicina \u00e0 gest\u00e3o de sa\u00fade. Em 2007, fez um curso de Expert Workshop in the Socio Economic Evaluat na Universidade de York, no Reino Unido, que emendou com uma especializa\u00e7\u00e3o em Health Economics for Health Care Professionals, na mesma universidade.&nbsp;&nbsp;<\/p>\n\n\n\n<p>No mundo empresarial, ajudou a fundar o grupo COI (Cl\u00ednicas Oncol\u00f3gicas Integradas), que presidiu at\u00e9 2018, e foi s\u00f3cio de Denizar Vianna \u2014 secret\u00e1rio de Ci\u00eancia, Tecnologia e Insumos Estrat\u00e9gicos \u2014 no MDI Instituto de Educa\u00e7\u00e3o e Pesquisa.&nbsp;<\/p>\n\n\n\n<p>Ele tamb\u00e9m foi o diretor-executivo da MedInsight &#8211; Decisions in Health Care e faz parte do corpo editorial da publica\u00e7\u00e3o especializada American Journal of Medical Quality.&nbsp;&nbsp;<\/p>\n\n\n\n<p>Teich chegou a prestar consultoria em gest\u00e3o de sa\u00fade de 2010 a 2011 para o Hospital Israelita Albert Einstein, que viria a cuidar do presidente ap\u00f3s a facada que recebeu durante a campanha.<\/p>\n\n\n\n<p>Segundo o jornal Folha de S\u00e3o Paulo, ele conta com apoio de peso dentro e fora do governo \u2014 tem o respaldo da comunidade judaica de S\u00e3o Paulo, da equipe econ\u00f4mica e da c\u00fapula militar.<\/p>\n\n\n\n<p>\n\nFONTE: GUIAME, COM INFORMA\u00c7\u00d5ES DO G1, REUTERS E UOL\n\n<\/p>\n","protected":false},"excerpt":{"rendered":"<p>O presidente Jair Bolsonaro demitiu nesta quinta-feira (16) o ent\u00e3o ministro da Sa\u00fade,&nbsp;Luiz Henrique Mandetta. A informa\u00e7\u00e3o foi confirmada pelo pr\u00f3prio ministro no Twitter. \u201cAcabo de ouvir do presidente Jair Bolsonaro o aviso da minha demiss\u00e3o do Minist\u00e9rio da Sa\u00fade. Quero agradecer a oportunidade que me foi dada, de ser gerente do nosso SUS, de [&hellip;]<\/p>\n","protected":false},"author":2,"featured_media":5434,"comment_status":"open","ping_status":"open","sticky":false,"template":"","format":"standard","meta":[],"categories":[6,4],"tags":[],"_links":{"self":[{"href":"https:\/\/dgospel.com.br\/portal\/index.php\/wp-json\/wp\/v2\/posts\/5433"}],"collection":[{"href":"https:\/\/dgospel.com.br\/portal\/index.php\/wp-json\/wp\/v2\/posts"}],"about":[{"href":"https:\/\/dgospel.com.br\/portal\/index.php\/wp-json\/wp\/v2\/types\/post"}],"author":[{"embeddable":true,"href":"https:\/\/dgospel.com.br\/portal\/index.php\/wp-json\/wp\/v2\/users\/2"}],"replies":[{"embeddable":true,"href":"https:\/\/dgospel.com.br\/portal\/index.php\/wp-json\/wp\/v2\/comments?post=5433"}],"version-history":[{"count":1,"href":"https:\/\/dgospel.com.br\/portal\/index.php\/wp-json\/wp\/v2\/posts\/5433\/revisions"}],"predecessor-version":[{"id":5435,"href":"https:\/\/dgospel.com.br\/portal\/index.php\/wp-json\/wp\/v2\/posts\/5433\/revisions\/5435"}],"wp:featuredmedia":[{"embeddable":true,"href":"https:\/\/dgospel.com.br\/portal\/index.php\/wp-json\/wp\/v2\/media\/5434"}],"wp:attachment":[{"href":"https:\/\/dgospel.com.br\/portal\/index.php\/wp-json\/wp\/v2\/media?parent=5433"}],"wp:term":[{"taxonomy":"category","embeddable":true,"href":"https:\/\/dgospel.com.br\/portal\/index.php\/wp-json\/wp\/v2\/categories?post=5433"},{"taxonomy":"post_tag","embeddable":true,"href":"https:\/\/dgospel.com.br\/portal\/index.php\/wp-json\/wp\/v2\/tags?post=5433"}],"curies":[{"name":"wp","href":"https:\/\/api.w.org\/{rel}","templated":true}]}}