{"id":5436,"date":"2020-04-16T21:35:05","date_gmt":"2020-04-17T00:35:05","guid":{"rendered":"http:\/\/dgospel.com.br\/portal\/?p=5436"},"modified":"2020-04-16T21:35:10","modified_gmt":"2020-04-17T00:35:10","slug":"carlesse-determina-que-secretaria-da-agricultura-estude-possibilidade-de-realizar-agrotins-de-forma-virtual","status":"publish","type":"post","link":"https:\/\/dgospel.com.br\/portal\/index.php\/2020\/04\/16\/carlesse-determina-que-secretaria-da-agricultura-estude-possibilidade-de-realizar-agrotins-de-forma-virtual\/","title":{"rendered":"Carlesse determina que Secretaria da Agricultura estude possibilidade de realizar Agrotins de forma virtual"},"content":{"rendered":"\n<p>Em raz\u00e3o da pandemia da Covid-19, causada pelo&nbsp;novo Coronav\u00edrus, que levou ao adiamento da 20\u00aa Edi\u00e7\u00e3o da Feira de Tecnologia Agropecu\u00e1ria do Tocantins (Agrotins), prevista para ocorrer entre os dias&nbsp;5 e&nbsp;9 de maio, o governador Mauro Carlesse determinou ao secret\u00e1rio de Estado da Agricultura, Pecu\u00e1ria e Aquicultura, C\u00e9sar Halum, que planeje a edi\u00e7\u00e3o deste ano de forma virtual.<\/p>\n\n\n\n<p>Com isso, a equipe da pasta j\u00e1 est\u00e1 trabalhando para cumprir a decis\u00e3o. Segundo o governador Carlesse, \u00e9 preciso inovar nas&nbsp;a\u00e7\u00f5es para se adaptar ao per\u00edodo de crise do novo Coronav\u00edrus e buscar solu\u00e7\u00f5es para amenizar os impactos nos setores econ\u00f4micos e sociais. \u201cO agroneg\u00f3cio \u00e9 a base de nossa economia e precisa de est\u00edmulo para crescer\u201d, afirma.<\/p>\n\n\n\n<p>De acordo com o secret\u00e1rio C\u00e9sar Halum, este \u00e9 o per\u00edodo do ano em que os produtores adquirem m\u00e1quinas e implementos agr\u00edcolas em geral, aquecendo o setor com os neg\u00f3cios realizados. \u201cAs concession\u00e1rias e os segmentos do setor aguardam ansiosamente esta feira para utilizarem as concess\u00f5es de cr\u00e9ditos com juros acess\u00edveis aos produtores para alavancarem suas vendas. Por outro lado, a produ\u00e7\u00e3o agr\u00edcola se mant\u00e9m em n\u00edveis de crescimento com a disponibilidade de equipamentos e tecnologias que s\u00e3o utilizadas no campo\u201d, conclui.<\/p>\n","protected":false},"excerpt":{"rendered":"<p>Em raz\u00e3o da pandemia da Covid-19, causada pelo&nbsp;novo Coronav\u00edrus, que levou ao adiamento da 20\u00aa Edi\u00e7\u00e3o da Feira de Tecnologia Agropecu\u00e1ria do Tocantins (Agrotins), prevista para ocorrer entre os dias&nbsp;5 e&nbsp;9 de maio, o governador Mauro Carlesse determinou ao secret\u00e1rio de Estado da Agricultura, Pecu\u00e1ria e Aquicultura, C\u00e9sar Halum, que planeje a edi\u00e7\u00e3o deste ano [&hellip;]<\/p>\n","protected":false},"author":2,"featured_media":5437,"comment_status":"open","ping_status":"open","sticky":false,"template":"","format":"standard","meta":[],"categories":[3],"tags":[],"_links":{"self":[{"href":"https:\/\/dgospel.com.br\/portal\/index.php\/wp-json\/wp\/v2\/posts\/5436"}],"collection":[{"href":"https:\/\/dgospel.com.br\/portal\/index.php\/wp-json\/wp\/v2\/posts"}],"about":[{"href":"https:\/\/dgospel.com.br\/portal\/index.php\/wp-json\/wp\/v2\/types\/post"}],"author":[{"embeddable":true,"href":"https:\/\/dgospel.com.br\/portal\/index.php\/wp-json\/wp\/v2\/users\/2"}],"replies":[{"embeddable":true,"href":"https:\/\/dgospel.com.br\/portal\/index.php\/wp-json\/wp\/v2\/comments?post=5436"}],"version-history":[{"count":1,"href":"https:\/\/dgospel.com.br\/portal\/index.php\/wp-json\/wp\/v2\/posts\/5436\/revisions"}],"predecessor-version":[{"id":5438,"href":"https:\/\/dgospel.com.br\/portal\/index.php\/wp-json\/wp\/v2\/posts\/5436\/revisions\/5438"}],"wp:featuredmedia":[{"embeddable":true,"href":"https:\/\/dgospel.com.br\/portal\/index.php\/wp-json\/wp\/v2\/media\/5437"}],"wp:attachment":[{"href":"https:\/\/dgospel.com.br\/portal\/index.php\/wp-json\/wp\/v2\/media?parent=5436"}],"wp:term":[{"taxonomy":"category","embeddable":true,"href":"https:\/\/dgospel.com.br\/portal\/index.php\/wp-json\/wp\/v2\/categories?post=5436"},{"taxonomy":"post_tag","embeddable":true,"href":"https:\/\/dgospel.com.br\/portal\/index.php\/wp-json\/wp\/v2\/tags?post=5436"}],"curies":[{"name":"wp","href":"https:\/\/api.w.org\/{rel}","templated":true}]}}