{"id":5439,"date":"2020-04-16T21:49:07","date_gmt":"2020-04-17T00:49:07","guid":{"rendered":"http:\/\/dgospel.com.br\/portal\/?p=5439"},"modified":"2020-04-16T21:49:08","modified_gmt":"2020-04-17T00:49:08","slug":"novo-ministro-da-saude-diz-ter-alinhamento-completo-com-bolsonaro","status":"publish","type":"post","link":"https:\/\/dgospel.com.br\/portal\/index.php\/2020\/04\/16\/novo-ministro-da-saude-diz-ter-alinhamento-completo-com-bolsonaro\/","title":{"rendered":"Novo Ministro da Sa\u00fade diz ter \u201calinhamento completo\u201d com Bolsonaro"},"content":{"rendered":"\n<p>O presidente Jair Bolsonaro e o novo ministro da Sa\u00fade, Nelson Teich, se pronunciaram na tarde desta quinta-feira (16) sobre as mudan\u00e7as no Minist\u00e9rio da Sa\u00fade. Os discursos aconteceram logo ap\u00f3s a demiss\u00e3o do ent\u00e3o ministro Henrique Mandetta.<\/p>\n\n\n\n<p>Nelson Teich falou em \u201calinhamento completo\u201d com o presidente e o minist\u00e9rio.<\/p>\n\n\n\n<p>\u2013 Existe um alinhamento completo entre eu, o presidente e todo o Minist\u00e9rio [da Sa\u00fade]. O que a gente est\u00e1 fazendo \u00e9 trabalhar para que a sociedade retorne cada vez mais r\u00e1pido \u00e0 sua vida normal. A gente trabalha pelo pa\u00eds e pela sociedade \u2013 disse o oncologista.<\/p>\n\n\n\n<p>Teich evitou dizer se haver\u00e1 alguma mudan\u00e7a na orienta\u00e7\u00e3o de manter o isolamento. No entanto, ele disse que n\u00e3o haver\u00e1 \u201cmudan\u00e7a brusca\u201d sobre a quarentena neste momento.<\/p>\n\n\n\n<p>\u2013 \u00c9 fundamental que a gente tenha informa\u00e7\u00e3o cada vez maior sobre o que acontece com as pessoas quando cada a\u00e7\u00e3o \u00e9 tomada. [Devemos] enxergar a informa\u00e7\u00e3o que temos at\u00e9 agora, decidir qual a melhor a\u00e7\u00e3o e assim definir qual \u00e9 a melhor forma de isolamento e distanciamento. Quanto menos informa\u00e7\u00e3o a gente tem, mais o assunto \u00e9 discutido na emo\u00e7\u00e3o \u2013 afirmou Teich.<\/p>\n\n\n\n<p>Especializado em gest\u00e3o da sa\u00fade, Teich disse que \u00e9 um erro tratar economia e sa\u00fade separados.<\/p>\n\n\n\n<p>\u2013 Sa\u00fade e economia n\u00e3o competem entre si. Elas s\u00e3o completamente complementares. [\u00c9 errado] polarizar entre sa\u00fade ou economia, bem ou mal, emprego ou pessoas doentes. O desenvolvimento econ\u00f4mico arrasta outras coisas. Quanto mais desenvolvido um pa\u00eds, mais voc\u00ea investe em educa\u00e7\u00e3o, em sa\u00fade, e mais voc\u00ea tem recursos para ajudar a sociedade.<\/p>\n\n\n\n<p>O novo ministro tamb\u00e9m defendeu que a ado\u00e7\u00e3o de medicamentos e vacinas devem ser tratados de forma cient\u00edfica e t\u00e9cnica e que a coleta de dados ser\u00e1 fundamental para entender a doen\u00e7a e assim tra\u00e7ar estrat\u00e9gias.<\/p>\n\n\n\n<p>\u2013 Para conhecer a doen\u00e7a, precisamos fazer testes. Temos que fazer uma avalia\u00e7\u00e3o do que \u00e9 essa doen\u00e7a hoje. Se a gente n\u00e3o dominar o que est\u00e1 na m\u00e3o, a gente vira um barco \u00e0 deriva \u2013 observou.<\/p>\n\n\n\n<p>Fonte: pleno<\/p>\n","protected":false},"excerpt":{"rendered":"<p>O presidente Jair Bolsonaro e o novo ministro da Sa\u00fade, Nelson Teich, se pronunciaram na tarde desta quinta-feira (16) sobre as mudan\u00e7as no Minist\u00e9rio da Sa\u00fade. Os discursos aconteceram logo ap\u00f3s a demiss\u00e3o do ent\u00e3o ministro Henrique Mandetta. Nelson Teich falou em \u201calinhamento completo\u201d com o presidente e o minist\u00e9rio. \u2013 Existe um alinhamento completo [&hellip;]<\/p>\n","protected":false},"author":2,"featured_media":5441,"comment_status":"open","ping_status":"open","sticky":false,"template":"","format":"standard","meta":[],"categories":[6,4],"tags":[],"_links":{"self":[{"href":"https:\/\/dgospel.com.br\/portal\/index.php\/wp-json\/wp\/v2\/posts\/5439"}],"collection":[{"href":"https:\/\/dgospel.com.br\/portal\/index.php\/wp-json\/wp\/v2\/posts"}],"about":[{"href":"https:\/\/dgospel.com.br\/portal\/index.php\/wp-json\/wp\/v2\/types\/post"}],"author":[{"embeddable":true,"href":"https:\/\/dgospel.com.br\/portal\/index.php\/wp-json\/wp\/v2\/users\/2"}],"replies":[{"embeddable":true,"href":"https:\/\/dgospel.com.br\/portal\/index.php\/wp-json\/wp\/v2\/comments?post=5439"}],"version-history":[{"count":1,"href":"https:\/\/dgospel.com.br\/portal\/index.php\/wp-json\/wp\/v2\/posts\/5439\/revisions"}],"predecessor-version":[{"id":5442,"href":"https:\/\/dgospel.com.br\/portal\/index.php\/wp-json\/wp\/v2\/posts\/5439\/revisions\/5442"}],"wp:featuredmedia":[{"embeddable":true,"href":"https:\/\/dgospel.com.br\/portal\/index.php\/wp-json\/wp\/v2\/media\/5441"}],"wp:attachment":[{"href":"https:\/\/dgospel.com.br\/portal\/index.php\/wp-json\/wp\/v2\/media?parent=5439"}],"wp:term":[{"taxonomy":"category","embeddable":true,"href":"https:\/\/dgospel.com.br\/portal\/index.php\/wp-json\/wp\/v2\/categories?post=5439"},{"taxonomy":"post_tag","embeddable":true,"href":"https:\/\/dgospel.com.br\/portal\/index.php\/wp-json\/wp\/v2\/tags?post=5439"}],"curies":[{"name":"wp","href":"https:\/\/api.w.org\/{rel}","templated":true}]}}