{"id":5443,"date":"2020-04-16T21:52:07","date_gmt":"2020-04-17T00:52:07","guid":{"rendered":"http:\/\/dgospel.com.br\/portal\/?p=5443"},"modified":"2020-04-16T21:52:09","modified_gmt":"2020-04-17T00:52:09","slug":"governador-carlesse-consegue-junto-ao-itamaraty-repatriacao-de-tocantinenses-que-estudam-no-exterior","status":"publish","type":"post","link":"https:\/\/dgospel.com.br\/portal\/index.php\/2020\/04\/16\/governador-carlesse-consegue-junto-ao-itamaraty-repatriacao-de-tocantinenses-que-estudam-no-exterior\/","title":{"rendered":"Governador Carlesse consegue junto ao Itamaraty repatria\u00e7\u00e3o de tocantinenses que estudam no exterior"},"content":{"rendered":"\n<p>O governador do Tocantins, Mauro Carlesse, foi informado pelo Minist\u00e9rio das Rela\u00e7\u00f5es Exteriores no fim da tarde desta quinta-feira, 16, que possivelmente nesta sexta-feira, 17, ter\u00e1 condi\u00e7\u00f5es de trazer os primeiros estudantes tocantinenses que se encontram fora do pa\u00eds. Devido \u00e0 pandemia do novo Coronav\u00edrus, algumas fronteiras foram fechadas, o que tem impedido que os alunos possam retornar ao Estado.<\/p>\n\n\n\n<p>Neste primeiro momento, cerca de 60 estudantes que moram no Paraguai conseguir\u00e3o a repatria\u00e7\u00e3o. O transporte deles ser\u00e1 feito por meio de \u00f4nibus disponibilizados pelo Governo do Tocantins. J\u00e1 os protocolos de seguran\u00e7a na recep\u00e7\u00e3o ser\u00e3o realizados pela Secretaria de Estado da Sa\u00fade.<\/p>\n\n\n\n<p>Al\u00e9m do Paraguai, os estudantes tocantinenses que est\u00e3o na Bol\u00edvia tamb\u00e9m ser\u00e3o repatriados. De acordo com o comunicado do Itamaraty, faltam finalizar alguns tr\u00e2mites burocr\u00e1ticos para que todos os alunos garantam o seu retorno. \u201cEra uma situa\u00e7\u00e3o que vinha nos preocupado bastante, pois esses jovens est\u00e3o longe de suas fam\u00edlias, em outro pa\u00eds, e estavam l\u00e1 para estudar. Agrade\u00e7o o empenho do governo federal e tamb\u00e9m do senador Eduardo Gomes que n\u00e3o mediram esfor\u00e7os para nos ajudar\u201d, afirmou o Governador.<\/p>\n\n\n\n<p>Al\u00e9m de estudantes palmenses, o primeiro \u00f4nibus tamb\u00e9m ir\u00e1 garantir o transporte de alunos que moram nos munic\u00edpios de Aragua\u00edna, Augustin\u00f3polis, Esperantina, Filad\u00e9lfia, Goi\u00e2nia, Goianorte, Gurupi, Pequizeiro, Porto Nacional, S\u00e3o Salvador do Tocantins e Santa Rosa do Tocantins. De acordo com as informa\u00e7\u00f5es repassadas, nenhum deles apresentam qualquer sintoma da Covid-19.<\/p>\n","protected":false},"excerpt":{"rendered":"<p>O governador do Tocantins, Mauro Carlesse, foi informado pelo Minist\u00e9rio das Rela\u00e7\u00f5es Exteriores no fim da tarde desta quinta-feira, 16, que possivelmente nesta sexta-feira, 17, ter\u00e1 condi\u00e7\u00f5es de trazer os primeiros estudantes tocantinenses que se encontram fora do pa\u00eds. Devido \u00e0 pandemia do novo Coronav\u00edrus, algumas fronteiras foram fechadas, o que tem impedido que os [&hellip;]<\/p>\n","protected":false},"author":2,"featured_media":5444,"comment_status":"open","ping_status":"open","sticky":false,"template":"","format":"standard","meta":[],"categories":[4],"tags":[],"_links":{"self":[{"href":"https:\/\/dgospel.com.br\/portal\/index.php\/wp-json\/wp\/v2\/posts\/5443"}],"collection":[{"href":"https:\/\/dgospel.com.br\/portal\/index.php\/wp-json\/wp\/v2\/posts"}],"about":[{"href":"https:\/\/dgospel.com.br\/portal\/index.php\/wp-json\/wp\/v2\/types\/post"}],"author":[{"embeddable":true,"href":"https:\/\/dgospel.com.br\/portal\/index.php\/wp-json\/wp\/v2\/users\/2"}],"replies":[{"embeddable":true,"href":"https:\/\/dgospel.com.br\/portal\/index.php\/wp-json\/wp\/v2\/comments?post=5443"}],"version-history":[{"count":1,"href":"https:\/\/dgospel.com.br\/portal\/index.php\/wp-json\/wp\/v2\/posts\/5443\/revisions"}],"predecessor-version":[{"id":5445,"href":"https:\/\/dgospel.com.br\/portal\/index.php\/wp-json\/wp\/v2\/posts\/5443\/revisions\/5445"}],"wp:featuredmedia":[{"embeddable":true,"href":"https:\/\/dgospel.com.br\/portal\/index.php\/wp-json\/wp\/v2\/media\/5444"}],"wp:attachment":[{"href":"https:\/\/dgospel.com.br\/portal\/index.php\/wp-json\/wp\/v2\/media?parent=5443"}],"wp:term":[{"taxonomy":"category","embeddable":true,"href":"https:\/\/dgospel.com.br\/portal\/index.php\/wp-json\/wp\/v2\/categories?post=5443"},{"taxonomy":"post_tag","embeddable":true,"href":"https:\/\/dgospel.com.br\/portal\/index.php\/wp-json\/wp\/v2\/tags?post=5443"}],"curies":[{"name":"wp","href":"https:\/\/api.w.org\/{rel}","templated":true}]}}