{"id":5446,"date":"2020-04-16T21:59:45","date_gmt":"2020-04-17T00:59:45","guid":{"rendered":"http:\/\/dgospel.com.br\/portal\/?p=5446"},"modified":"2020-04-16T21:59:46","modified_gmt":"2020-04-17T00:59:46","slug":"temos-duas-doencas-o-virus-e-o-desemprego-diz-bolsonaro","status":"publish","type":"post","link":"https:\/\/dgospel.com.br\/portal\/index.php\/2020\/04\/16\/temos-duas-doencas-o-virus-e-o-desemprego-diz-bolsonaro\/","title":{"rendered":"Temos duas doen\u00e7as: o v\u00edrus e o desemprego\u2019, diz Bolsonaro"},"content":{"rendered":"\n<p>O presidente Jair Bolsonaro\nconcedeu entrevista na noite desta quinta-feira (16), logo ap\u00f3s apresentar o\nnovo ministro da Sa\u00fade, Nelson Teich. Bolsonaro reafirmou a preocupa\u00e7\u00e3o com o\ndesemprego e com a sa\u00fade.<\/p>\n\n\n\n<p>\u2013 Temos duas doen\u00e7as, essa que estamos vendo e o desemprego. A\nideia do novo ministro \u00e9 atacar os dois problemas. [Temos que] fazer o poss\u00edvel\npara tratar o problema da doen\u00e7a e do desemprego, que cresceu muito \u2013 apontou.<\/p>\n\n\n\n<p>Bolsonaro tamb\u00e9m voltou a\ncriticar a decis\u00e3o de alguns governadores e prefeitos, que adotaram um\nisolamento mais severo.<\/p>\n\n\n\n<p>\u2013 A decis\u00e3o dessa forma de agir\nfoi dos governadores e dos prefeitos, n\u00e3o foi do presidente da Rep\u00fablica. O\nBrasil n\u00e3o tem como manter por muito tempo isso [isolamento], no meu entender\nja chegou no limite. Quem vai convencer os governadores [a retomar as\natividades] \u00e9 o povo com as manifesta\u00e7\u00f5es por a\u00ed. No momento houve um clima de\np\u00e2nico, mas com o tempo as pessoas tomam consci\u00eancia de que o problema est\u00e1 a\u00ed\ne que v\u00e1rias outras doen\u00e7as existem \u2013 disse Bolsonaro.<\/p>\n\n\n\n<p>O presidente aproveitou tamb\u00e9m\npara criticar a decis\u00e3o do STF que d\u00e1 autonomia para estados e munic\u00edpios\nadotarem o isolamento como quiserem.<\/p>\n\n\n\n<p>\u2013 O STF disse que os governadores\ne prefeitos t\u00eam uma posi\u00e7\u00e3o de destaque em rela\u00e7\u00e3o a minha. Eu lamento, devia\nser o contr\u00e1rio. Eu n\u00e3o quero impor nada, eu jamais prenderia quem quer que\nestivesse em uma pra\u00e7a p\u00fablica, muito menos uma mulher. Eu n\u00e3o fecharia o\ncom\u00e9rcio da forma como foi fechado. Quem vai pagar essa conta, \u00e9 o Jair\nBolsonaro ou a popula\u00e7\u00e3o? \u00c9 a popula\u00e7\u00e3o \u2013 afirmou.<\/p>\n\n\n\n<p>Fonte: pleno.news <\/p>\n\n\n\n<p><\/p>\n","protected":false},"excerpt":{"rendered":"<p>O presidente Jair Bolsonaro concedeu entrevista na noite desta quinta-feira (16), logo ap\u00f3s apresentar o novo ministro da Sa\u00fade, Nelson Teich. Bolsonaro reafirmou a preocupa\u00e7\u00e3o com o desemprego e com a sa\u00fade. \u2013 Temos duas doen\u00e7as, essa que estamos vendo e o desemprego. A ideia do novo ministro \u00e9 atacar os dois problemas. [Temos que] [&hellip;]<\/p>\n","protected":false},"author":2,"featured_media":5447,"comment_status":"open","ping_status":"open","sticky":false,"template":"","format":"standard","meta":[],"categories":[6,4],"tags":[],"_links":{"self":[{"href":"https:\/\/dgospel.com.br\/portal\/index.php\/wp-json\/wp\/v2\/posts\/5446"}],"collection":[{"href":"https:\/\/dgospel.com.br\/portal\/index.php\/wp-json\/wp\/v2\/posts"}],"about":[{"href":"https:\/\/dgospel.com.br\/portal\/index.php\/wp-json\/wp\/v2\/types\/post"}],"author":[{"embeddable":true,"href":"https:\/\/dgospel.com.br\/portal\/index.php\/wp-json\/wp\/v2\/users\/2"}],"replies":[{"embeddable":true,"href":"https:\/\/dgospel.com.br\/portal\/index.php\/wp-json\/wp\/v2\/comments?post=5446"}],"version-history":[{"count":1,"href":"https:\/\/dgospel.com.br\/portal\/index.php\/wp-json\/wp\/v2\/posts\/5446\/revisions"}],"predecessor-version":[{"id":5448,"href":"https:\/\/dgospel.com.br\/portal\/index.php\/wp-json\/wp\/v2\/posts\/5446\/revisions\/5448"}],"wp:featuredmedia":[{"embeddable":true,"href":"https:\/\/dgospel.com.br\/portal\/index.php\/wp-json\/wp\/v2\/media\/5447"}],"wp:attachment":[{"href":"https:\/\/dgospel.com.br\/portal\/index.php\/wp-json\/wp\/v2\/media?parent=5446"}],"wp:term":[{"taxonomy":"category","embeddable":true,"href":"https:\/\/dgospel.com.br\/portal\/index.php\/wp-json\/wp\/v2\/categories?post=5446"},{"taxonomy":"post_tag","embeddable":true,"href":"https:\/\/dgospel.com.br\/portal\/index.php\/wp-json\/wp\/v2\/tags?post=5446"}],"curies":[{"name":"wp","href":"https:\/\/api.w.org\/{rel}","templated":true}]}}