{"id":5452,"date":"2020-04-16T22:38:32","date_gmt":"2020-04-17T01:38:32","guid":{"rendered":"http:\/\/dgospel.com.br\/portal\/?p=5452"},"modified":"2020-04-16T22:38:34","modified_gmt":"2020-04-17T01:38:34","slug":"mae-diz-que-bebe-com-covid-19-foi-curado-pelas-oracoes-da-igreja","status":"publish","type":"post","link":"https:\/\/dgospel.com.br\/portal\/index.php\/2020\/04\/16\/mae-diz-que-bebe-com-covid-19-foi-curado-pelas-oracoes-da-igreja\/","title":{"rendered":"M\u00e3e diz que beb\u00ea com Covid-19 foi curado pelas ora\u00e7\u00f5es da igreja"},"content":{"rendered":"\n<p>Ariana Werneck, m\u00e3e de seis crian\u00e7as no Rio de Janeiro, viu seu filho rec\u00e9m-nascido vencer uma batalha contra o coronav\u00edrus em seus primeiros dias de vida, atrav\u00e9s do apoio e das ora\u00e7\u00f5es de sua igreja.<\/p>\n\n\n\n<p>Toda a fam\u00edlia de Ariana apresentou sintomas da Covid-19 \u2014 al\u00e9m dela, seu marido, Leonardo, e as seis crian\u00e7as: Alejandro, 12 anos, Ot\u00e1vio Luiz, 11, Valentina, 9, Estevan, 4, Olivia Antonella, 2. Mas Em\u00edlio foi o mais atingido.&nbsp;<\/p>\n\n\n\n<p>\u201cEm\u00edlio, nosso beb\u00ea de um m\u00eas de vida, come\u00e7ou a ter falta de ar. Suas costelas afundavam de uma forma assustadora quando ele tentava respirar e prontamente o levamos para o hospital. L\u00e1 fizeram exames que confirmaram a presen\u00e7a do coronav\u00edrus\u201d, contou Adriana nesta segunda-feira (13) \u00e0 Comunidade Evang\u00e9lica Internacional da Zona Sul.<\/p>\n\n\n\n<p>O pequeno Em\u00edlio foi internado no dia 28 de mar\u00e7o no Hospital Federal de Andara\u00ed, onde m\u00e3e e beb\u00ea foram isolados em um quarto com uma placa na porta que dizia \u201calerta de alto cont\u00e1gio\u201d.<\/p>\n\n\n\n<p>\u201cO que Em\u00edlio tinha era viral e antibi\u00f3tico nenhum iria ajudar. O \u00fanico poss\u00edvel a se fazer era manter um suporte de oxig\u00eanio cont\u00ednuo e orar para o sistema imunol\u00f3gico fosse forte o suficiente para combater o v\u00edrus\u201d, contou Ariana.<\/p>\n\n\n\n<p>Enquanto estava no hospital, Ariana pediu ora\u00e7\u00e3o para seus pastores e amigos da igreja. Um dia ap\u00f3s ser internado, no domingo, 29, Em\u00edlio come\u00e7ou a apresentar melhoras.&nbsp;<\/p>\n\n\n\n<p>\u201cNo domingo, durante a prega\u00e7\u00e3o do pastor Marco no culto online, que eu assistia do quarto do hospital, aconteceu um milagre! O \u00edndice de satura\u00e7\u00e3o de oxig\u00eanio no sangue do Em\u00edlio, que era menor que 90, do nada pulou para 92, 95, 98 e 99 em quest\u00e3o de minutos! E assim ele se manteve\u201d, celebra.<\/p>\n\n\n\n<p>Na manh\u00e3 seguinte, Ariana disse \u00e0 m\u00e9dica que havia toda uma igreja orando por ele, e ela respondeu: \u201cTinham que ser religiosos, a f\u00e9 aumenta as defesas do organismo\u201d. \u201cExatamente essas foram as palavras dela, com voz de incr\u00e9dula, mas n\u00e3o negando o poder da f\u00e9! Da\u00ed em diante Em\u00edlio ficou curado para honra e gl\u00f3ria de Deus!\u201d, afirma a m\u00e3e.<\/p>\n\n\n\n<p>Depois de seis dias internados, Ariana e Em\u00edlio voltaram para casa. O beb\u00ea, agora com dois meses, passa bem e amamenta normalmente. \u201cO v\u00edrus secou!\u201d, disse Ariana.<\/p>\n\n\n\n<p>\u201cEstamos eternamente gratos pelas palavras do pastor Marco Antonio de f\u00e9, esperan\u00e7a e ousadia, declarando cura e repreendendo toda enfermidade nesse momento e pelo apoio de todos os irm\u00e3os em Cristo que oraram sem cessar declarando a cura do Em\u00edlio\u201d, disse ela \u00e0 sua igreja.<\/p>\n\n\n\n<p><strong>Fonte: Guia-me \/ com informa\u00e7\u00f5es Canguru News<\/strong><\/p>\n","protected":false},"excerpt":{"rendered":"<p>Ariana Werneck, m\u00e3e de seis crian\u00e7as no Rio de Janeiro, viu seu filho rec\u00e9m-nascido vencer uma batalha contra o coronav\u00edrus em seus primeiros dias de vida, atrav\u00e9s do apoio e das ora\u00e7\u00f5es de sua igreja. Toda a fam\u00edlia de Ariana apresentou sintomas da Covid-19 \u2014 al\u00e9m dela, seu marido, Leonardo, e as seis crian\u00e7as: Alejandro, [&hellip;]<\/p>\n","protected":false},"author":2,"featured_media":5453,"comment_status":"open","ping_status":"open","sticky":false,"template":"","format":"standard","meta":[],"categories":[10,5],"tags":[],"_links":{"self":[{"href":"https:\/\/dgospel.com.br\/portal\/index.php\/wp-json\/wp\/v2\/posts\/5452"}],"collection":[{"href":"https:\/\/dgospel.com.br\/portal\/index.php\/wp-json\/wp\/v2\/posts"}],"about":[{"href":"https:\/\/dgospel.com.br\/portal\/index.php\/wp-json\/wp\/v2\/types\/post"}],"author":[{"embeddable":true,"href":"https:\/\/dgospel.com.br\/portal\/index.php\/wp-json\/wp\/v2\/users\/2"}],"replies":[{"embeddable":true,"href":"https:\/\/dgospel.com.br\/portal\/index.php\/wp-json\/wp\/v2\/comments?post=5452"}],"version-history":[{"count":1,"href":"https:\/\/dgospel.com.br\/portal\/index.php\/wp-json\/wp\/v2\/posts\/5452\/revisions"}],"predecessor-version":[{"id":5454,"href":"https:\/\/dgospel.com.br\/portal\/index.php\/wp-json\/wp\/v2\/posts\/5452\/revisions\/5454"}],"wp:featuredmedia":[{"embeddable":true,"href":"https:\/\/dgospel.com.br\/portal\/index.php\/wp-json\/wp\/v2\/media\/5453"}],"wp:attachment":[{"href":"https:\/\/dgospel.com.br\/portal\/index.php\/wp-json\/wp\/v2\/media?parent=5452"}],"wp:term":[{"taxonomy":"category","embeddable":true,"href":"https:\/\/dgospel.com.br\/portal\/index.php\/wp-json\/wp\/v2\/categories?post=5452"},{"taxonomy":"post_tag","embeddable":true,"href":"https:\/\/dgospel.com.br\/portal\/index.php\/wp-json\/wp\/v2\/tags?post=5452"}],"curies":[{"name":"wp","href":"https:\/\/api.w.org\/{rel}","templated":true}]}}