{"id":5455,"date":"2020-04-16T23:07:37","date_gmt":"2020-04-17T02:07:37","guid":{"rendered":"http:\/\/dgospel.com.br\/portal\/?p=5455"},"modified":"2020-04-16T23:07:39","modified_gmt":"2020-04-17T02:07:39","slug":"bolsonaro-diz-que-maia-quer-derruba-lo-tem-que-me-respeitar","status":"publish","type":"post","link":"https:\/\/dgospel.com.br\/portal\/index.php\/2020\/04\/16\/bolsonaro-diz-que-maia-quer-derruba-lo-tem-que-me-respeitar\/","title":{"rendered":"Bolsonaro diz que Maia quer derrub\u00e1-lo: \u2018Tem que me respeitar\u2019"},"content":{"rendered":"\n<p>O presidente da Rep\u00fablica, Jair Bolsonaro (sem partido), acusou o presidente da C\u00e2mara, Rodrigo Maia (DEM-RJ), de conspirar para tir\u00e1-lo do Pal\u00e1cio do Planalto e qualificou como p\u00e9ssima a atua\u00e7\u00e3o do deputado.<\/p>\n\n\n\n<p>\u2013 Parece que a inten\u00e7\u00e3o \u00e9 me tirar do governo. Quero crer que esteja equivocado \u2013 disse Bolsonaro ao comentar a aprova\u00e7\u00e3o pela C\u00e2mara de um projeto de socorro aos estados.<\/p>\n\n\n\n<p>A proposta determina que a Uni\u00e3o ir\u00e1 transferir R$ 80 bilh\u00f5es, segundo c\u00e1lculos de l\u00edderes partid\u00e1rios, por seis meses, como forma de compensa\u00e7\u00e3o pelas perdas de ICMS (imposto estadual) e ISS (municipal) diante da crise econ\u00f4mica.<\/p>\n\n\n\n<p>\u2013 Isso n\u00e3o se faz com o Brasil. Eu lamento. Isso \u00e9 falta de patriotismo, de cora\u00e7\u00e3o verde e amarelo, de humanismo. Isso \u00e9 quase que conspirar contra o governo federal. Eu lamento, mas esta n\u00e3o \u00e9 a forma de se fazer pol\u00edtica no Brasil \u2013 afirmou Bolsonaro.<\/p>\n\n\n\n<p>O chefe do Executivo disse ainda que as medidas adotadas por Maia s\u00e3o escandalosas.<\/p>\n\n\n\n<p>\u2013 Lamento muito a posi\u00e7\u00e3o do Rodrigo Maia, que resolveu assumir o papel do Executivo. Ele tem que me respeitar como chefe do Executivo \u2013 afirmou em entrevista \u00e0 CNN Brasil.<\/p>\n\n\n\n<p>Bolsonaro prosseguiu com as cr\u00edticas e questionou o comportamento do deputado.<\/p>\n\n\n\n<p>\u2013 Qual o objetivo do senhor Rodrigo Maia? Resolver o problema ou atacar o presidente da Rep\u00fablica? O sentimento que eu tenho \u00e9 que ele n\u00e3o quer amenizar os problemas. Ele quer atacar o governo federal, enfiar a faca \u2013 disse Bolsonaro.<\/p>\n\n\n\n<p>O presidente da Rep\u00fablica reclamou de falta de di\u00e1logo da parte de Maia e afirmou que o presidente da C\u00e2mara \u201cest\u00e1 conduzindo o pa\u00eds para o caos\u201d.<\/p>\n\n\n\n<p>\u2013 Ele sabe que est\u00e1 errada a posi\u00e7\u00e3o dele. P\u00e9ssima a sua atua\u00e7\u00e3o \u2013 disse.<\/p>\n\n\n\n<p>Bolsonaro insinuou outros interesses da parte de Maia, mas n\u00e3o detalhou.<\/p>\n\n\n\n<p>\u2013 A gente sabe seu tipo de di\u00e1logo. Este di\u00e1logo n\u00e3o vai ter comigo \u2013 apontou.<\/p>\n\n\n\n<p>*Folhapress<\/p>\n\n\n\n<h2><\/h2>\n","protected":false},"excerpt":{"rendered":"<p>O presidente da Rep\u00fablica, Jair Bolsonaro (sem partido), acusou o presidente da C\u00e2mara, Rodrigo Maia (DEM-RJ), de conspirar para tir\u00e1-lo do Pal\u00e1cio do Planalto e qualificou como p\u00e9ssima a atua\u00e7\u00e3o do deputado. \u2013 Parece que a inten\u00e7\u00e3o \u00e9 me tirar do governo. Quero crer que esteja equivocado \u2013 disse Bolsonaro ao comentar a aprova\u00e7\u00e3o pela [&hellip;]<\/p>\n","protected":false},"author":2,"featured_media":5456,"comment_status":"open","ping_status":"open","sticky":false,"template":"","format":"standard","meta":[],"categories":[6,4],"tags":[],"_links":{"self":[{"href":"https:\/\/dgospel.com.br\/portal\/index.php\/wp-json\/wp\/v2\/posts\/5455"}],"collection":[{"href":"https:\/\/dgospel.com.br\/portal\/index.php\/wp-json\/wp\/v2\/posts"}],"about":[{"href":"https:\/\/dgospel.com.br\/portal\/index.php\/wp-json\/wp\/v2\/types\/post"}],"author":[{"embeddable":true,"href":"https:\/\/dgospel.com.br\/portal\/index.php\/wp-json\/wp\/v2\/users\/2"}],"replies":[{"embeddable":true,"href":"https:\/\/dgospel.com.br\/portal\/index.php\/wp-json\/wp\/v2\/comments?post=5455"}],"version-history":[{"count":1,"href":"https:\/\/dgospel.com.br\/portal\/index.php\/wp-json\/wp\/v2\/posts\/5455\/revisions"}],"predecessor-version":[{"id":5457,"href":"https:\/\/dgospel.com.br\/portal\/index.php\/wp-json\/wp\/v2\/posts\/5455\/revisions\/5457"}],"wp:featuredmedia":[{"embeddable":true,"href":"https:\/\/dgospel.com.br\/portal\/index.php\/wp-json\/wp\/v2\/media\/5456"}],"wp:attachment":[{"href":"https:\/\/dgospel.com.br\/portal\/index.php\/wp-json\/wp\/v2\/media?parent=5455"}],"wp:term":[{"taxonomy":"category","embeddable":true,"href":"https:\/\/dgospel.com.br\/portal\/index.php\/wp-json\/wp\/v2\/categories?post=5455"},{"taxonomy":"post_tag","embeddable":true,"href":"https:\/\/dgospel.com.br\/portal\/index.php\/wp-json\/wp\/v2\/tags?post=5455"}],"curies":[{"name":"wp","href":"https:\/\/api.w.org\/{rel}","templated":true}]}}