{"id":5477,"date":"2020-04-20T23:53:36","date_gmt":"2020-04-21T02:53:36","guid":{"rendered":"http:\/\/dgospel.com.br\/portal\/?p=5477"},"modified":"2020-04-21T00:16:49","modified_gmt":"2020-04-21T03:16:49","slug":"guedes-defende-bolsonaro-ele-e-um-democrata","status":"publish","type":"post","link":"https:\/\/dgospel.com.br\/portal\/index.php\/2020\/04\/20\/guedes-defende-bolsonaro-ele-e-um-democrata\/","title":{"rendered":"Guedes defende Bolsonaro: \u201cEle \u00e9 um democrata\u201d"},"content":{"rendered":"\n<p>Um dia ap\u00f3s o presidente Jair Bolsonaro participar de uma manifesta\u00e7\u00e3o, o ministro da Economia, Paulo Guedes, afirmou que o presidente \u00e9 um democrata que \u201csai correndo atr\u00e1s\u201d de passeata que tiver bandeira do Brasil.<\/p>\n\n\n\n<p>De acordo com o ministro, o governo tem compromisso com a democracia, um regime \u201cque faz barulho\u201d. Para Guedes, o pa\u00eds vive um per\u00edodo de aperfei\u00e7oamento institucional.<\/p>\n\n\n\n<p>\u2013 O presidente \u00e9 um democrata. Ele \u00e0s vez entra\u2026 Se tiver uma passeata com bandeira do Brasil, ele sai correndo atr\u00e1s, entra, grita, abra\u00e7a todo mundo, repete os gritos de guerra da campanha, \u2018vamos acabar com isso e aquilo\u2019, mas \u00e9 um democrata, est\u00e1 comprometido com isso. N\u00f3s temos o compromisso com a democracia \u2013 afirmou Guedes.<\/p>\n\n\n\n<p>Em videoconfer\u00eancia com o BTG Pactual, o ministro afirmou acreditar firmemente no processo democr\u00e1tico brasileiro.<\/p>\n\n\n\n<p>\u2013 Vai dar tudo certo. Tenho enorme confian\u00e7a na capacidade de processamento da democracia brasileira. Ela faz barulho, empurra para c\u00e1 e para la, os Poderes definindo seus espa\u00e7os. Estamos assistindo a um aperfei\u00e7oamento institucional \u2013 disse.<\/p>\n\n\n\n<p>Bolsonaro amenizou o tom nesta segunda-feira.<\/p>\n\n\n\n<p>\u2013 No que depender do presidente Jair Bolsonaro, democracia e liberdade acima de tudo. O pessoal geralmente conspira para chegar ao poder. Eu j\u00e1 estou no poder. Eu j\u00e1 sou o presidente da Rep\u00fablica \u2013 afirmou a jornalistas ao deixar o Pal\u00e1cio da Alvorada pela manh\u00e3.<\/p>\n\n\n\n<p>Fonte:Pleno.News<\/p>\n","protected":false},"excerpt":{"rendered":"<p>Um dia ap\u00f3s o presidente Jair Bolsonaro participar de uma manifesta\u00e7\u00e3o, o ministro da Economia, Paulo Guedes, afirmou que o presidente \u00e9 um democrata que \u201csai correndo atr\u00e1s\u201d de passeata que tiver bandeira do Brasil. De acordo com o ministro, o governo tem compromisso com a democracia, um regime \u201cque faz barulho\u201d. Para Guedes, o [&hellip;]<\/p>\n","protected":false},"author":2,"featured_media":5478,"comment_status":"open","ping_status":"open","sticky":false,"template":"","format":"standard","meta":[],"categories":[6,4],"tags":[],"_links":{"self":[{"href":"https:\/\/dgospel.com.br\/portal\/index.php\/wp-json\/wp\/v2\/posts\/5477"}],"collection":[{"href":"https:\/\/dgospel.com.br\/portal\/index.php\/wp-json\/wp\/v2\/posts"}],"about":[{"href":"https:\/\/dgospel.com.br\/portal\/index.php\/wp-json\/wp\/v2\/types\/post"}],"author":[{"embeddable":true,"href":"https:\/\/dgospel.com.br\/portal\/index.php\/wp-json\/wp\/v2\/users\/2"}],"replies":[{"embeddable":true,"href":"https:\/\/dgospel.com.br\/portal\/index.php\/wp-json\/wp\/v2\/comments?post=5477"}],"version-history":[{"count":1,"href":"https:\/\/dgospel.com.br\/portal\/index.php\/wp-json\/wp\/v2\/posts\/5477\/revisions"}],"predecessor-version":[{"id":5479,"href":"https:\/\/dgospel.com.br\/portal\/index.php\/wp-json\/wp\/v2\/posts\/5477\/revisions\/5479"}],"wp:featuredmedia":[{"embeddable":true,"href":"https:\/\/dgospel.com.br\/portal\/index.php\/wp-json\/wp\/v2\/media\/5478"}],"wp:attachment":[{"href":"https:\/\/dgospel.com.br\/portal\/index.php\/wp-json\/wp\/v2\/media?parent=5477"}],"wp:term":[{"taxonomy":"category","embeddable":true,"href":"https:\/\/dgospel.com.br\/portal\/index.php\/wp-json\/wp\/v2\/categories?post=5477"},{"taxonomy":"post_tag","embeddable":true,"href":"https:\/\/dgospel.com.br\/portal\/index.php\/wp-json\/wp\/v2\/tags?post=5477"}],"curies":[{"name":"wp","href":"https:\/\/api.w.org\/{rel}","templated":true}]}}