{"id":5480,"date":"2020-04-20T23:57:57","date_gmt":"2020-04-21T02:57:57","guid":{"rendered":"http:\/\/dgospel.com.br\/portal\/?p=5480"},"modified":"2020-04-20T23:57:59","modified_gmt":"2020-04-21T02:57:59","slug":"moro-manda-investigar-desvio-de-verbas-para-a-covid-19","status":"publish","type":"post","link":"https:\/\/dgospel.com.br\/portal\/index.php\/2020\/04\/20\/moro-manda-investigar-desvio-de-verbas-para-a-covid-19\/","title":{"rendered":"Moro manda investigar desvio de verbas para a Covid-19"},"content":{"rendered":"\n<p>Nesta segunda-feira (20), o ministro da Justi\u00e7a e Seguran\u00e7a P\u00fablica, Sergio Moro, informou que determinou a abertura de investiga\u00e7\u00f5es, pela Pol\u00edcia Federal (PF), para apurar o desvio de verbas que seriam destinadas de enfrentamento ao coronav\u00edrus. O an\u00fancio foi feito em suas redes sociais.<\/p>\n\n\n\n<p>A medida ocorre ap\u00f3s not\u00edcias do uso indevido dos recursos no combate \u00e0 Covid-19. Uma delas aponta que o governo do estado do Amazonas gastou R$ 2,9 milh\u00f5es em 28 ventiladores pulmonares que, posteriormente, foram considerados \u201cinadequados\u201d pelo Conselho Regional de Medicina para tratar pacientes com a doen\u00e7a.<\/p>\n\n\n\n<p>Documentos mostraram que a empresa que vendeu os equipamentos \u00e9, na verdade, uma loja especializada em vinhos e que o valor unit\u00e1rio de cada aparelho saiu at\u00e9 quatros vezes mais caro do que o praticado no mercado.<\/p>\n\n\n\n<p>Em sua conta do Twitter, Moro disse que vai trabalhar em conjunto com a Controladoria-Geral da Uni\u00e3o.<\/p>\n\n\n\n<p>\u2013 Determinei \u00e0 Pol\u00edcia Federal a abertura de investiga\u00e7\u00f5es para apurar de forma implac\u00e1vel qualquer desvio de verba federal destinada ao combate do novo coronav\u00edrus, em qualquer lugar que isso ocorra. Trabalharemos juntos com a CGU \u2013 escreveu.<\/p>\n\n\n\n<p>Fonte: <a href=\"https:\/\/pleno.news\/\"> <em>pleno.new<\/em><\/a><em>s<\/em><br><\/p>\n","protected":false},"excerpt":{"rendered":"<p>Nesta segunda-feira (20), o ministro da Justi\u00e7a e Seguran\u00e7a P\u00fablica, Sergio Moro, informou que determinou a abertura de investiga\u00e7\u00f5es, pela Pol\u00edcia Federal (PF), para apurar o desvio de verbas que seriam destinadas de enfrentamento ao coronav\u00edrus. O an\u00fancio foi feito em suas redes sociais. A medida ocorre ap\u00f3s not\u00edcias do uso indevido dos recursos no [&hellip;]<\/p>\n","protected":false},"author":2,"featured_media":5481,"comment_status":"open","ping_status":"open","sticky":false,"template":"","format":"standard","meta":[],"categories":[6,4],"tags":[],"_links":{"self":[{"href":"https:\/\/dgospel.com.br\/portal\/index.php\/wp-json\/wp\/v2\/posts\/5480"}],"collection":[{"href":"https:\/\/dgospel.com.br\/portal\/index.php\/wp-json\/wp\/v2\/posts"}],"about":[{"href":"https:\/\/dgospel.com.br\/portal\/index.php\/wp-json\/wp\/v2\/types\/post"}],"author":[{"embeddable":true,"href":"https:\/\/dgospel.com.br\/portal\/index.php\/wp-json\/wp\/v2\/users\/2"}],"replies":[{"embeddable":true,"href":"https:\/\/dgospel.com.br\/portal\/index.php\/wp-json\/wp\/v2\/comments?post=5480"}],"version-history":[{"count":1,"href":"https:\/\/dgospel.com.br\/portal\/index.php\/wp-json\/wp\/v2\/posts\/5480\/revisions"}],"predecessor-version":[{"id":5482,"href":"https:\/\/dgospel.com.br\/portal\/index.php\/wp-json\/wp\/v2\/posts\/5480\/revisions\/5482"}],"wp:featuredmedia":[{"embeddable":true,"href":"https:\/\/dgospel.com.br\/portal\/index.php\/wp-json\/wp\/v2\/media\/5481"}],"wp:attachment":[{"href":"https:\/\/dgospel.com.br\/portal\/index.php\/wp-json\/wp\/v2\/media?parent=5480"}],"wp:term":[{"taxonomy":"category","embeddable":true,"href":"https:\/\/dgospel.com.br\/portal\/index.php\/wp-json\/wp\/v2\/categories?post=5480"},{"taxonomy":"post_tag","embeddable":true,"href":"https:\/\/dgospel.com.br\/portal\/index.php\/wp-json\/wp\/v2\/tags?post=5480"}],"curies":[{"name":"wp","href":"https:\/\/api.w.org\/{rel}","templated":true}]}}