{"id":5483,"date":"2020-04-21T00:02:22","date_gmt":"2020-04-21T03:02:22","guid":{"rendered":"http:\/\/dgospel.com.br\/portal\/?p=5483"},"modified":"2020-04-21T00:16:06","modified_gmt":"2020-04-21T03:16:06","slug":"guedes-sobre-retomada-vamos-surpreender-o-mundo","status":"publish","type":"post","link":"https:\/\/dgospel.com.br\/portal\/index.php\/2020\/04\/21\/guedes-sobre-retomada-vamos-surpreender-o-mundo\/","title":{"rendered":"Guedes sobre retomada: \u201cVamos surpreender o mundo\u201d"},"content":{"rendered":"\n<p>Nesta segunda-feira (20), o ministro Paulo Guedes concedeu uma entrevista ao BTG Pactual, no canal do banco no YouTube. Ele afirmou que a recupera\u00e7\u00e3o da economia no Brasil ap\u00f3s a crise do novo coronav\u00edrus, ser\u00e1 em \u201cV\u201d.<\/p>\n\n\n\n<p>Guedes defendeu uma retomada t\u00e3o r\u00e1pida quanto a queda.<\/p>\n\n\n\n<p>\u2013 Vamos surpreender o mundo \u2013 declarou.<\/p>\n\n\n\n<p>Segundo ele, a respeito da quarentena, o governo brasileiro tem tomado medidas semelhantes ou ainda melhores outros pa\u00edses.<\/p>\n\n\n\n<p>\u2013 Todo dia tem barulho, mas Brasil est\u00e1 avan\u00e7ando e progredindo \u2013 afirmou.<\/p>\n\n\n\n<p>O ministro tamb\u00e9m falou a respeito das exporta\u00e7\u00f5es, que se revelaram razo\u00e1veis apesar dos efeitos do coronav\u00edrus na economia.<\/p>\n\n\n\n<p>\u2013 As exporta\u00e7\u00f5es brasileiras n\u00e3o ca\u00edram ainda, est\u00e3o subindo. A queda das exporta\u00e7\u00f5es para Europa, de 1%, para EUA, de 30%, e para Argentina, de 30%, foi compensada pelo aumento acelerado das exporta\u00e7\u00f5es para China.<\/p>\n\n\n\n<p>Fonte: pleno.news<\/p>\n","protected":false},"excerpt":{"rendered":"<p>Nesta segunda-feira (20), o ministro Paulo Guedes concedeu uma entrevista ao BTG Pactual, no canal do banco no YouTube. Ele afirmou que a recupera\u00e7\u00e3o da economia no Brasil ap\u00f3s a crise do novo coronav\u00edrus, ser\u00e1 em \u201cV\u201d. Guedes defendeu uma retomada t\u00e3o r\u00e1pida quanto a queda. \u2013 Vamos surpreender o mundo \u2013 declarou. Segundo ele, [&hellip;]<\/p>\n","protected":false},"author":2,"featured_media":5484,"comment_status":"open","ping_status":"open","sticky":false,"template":"","format":"standard","meta":[],"categories":[6,4],"tags":[],"_links":{"self":[{"href":"https:\/\/dgospel.com.br\/portal\/index.php\/wp-json\/wp\/v2\/posts\/5483"}],"collection":[{"href":"https:\/\/dgospel.com.br\/portal\/index.php\/wp-json\/wp\/v2\/posts"}],"about":[{"href":"https:\/\/dgospel.com.br\/portal\/index.php\/wp-json\/wp\/v2\/types\/post"}],"author":[{"embeddable":true,"href":"https:\/\/dgospel.com.br\/portal\/index.php\/wp-json\/wp\/v2\/users\/2"}],"replies":[{"embeddable":true,"href":"https:\/\/dgospel.com.br\/portal\/index.php\/wp-json\/wp\/v2\/comments?post=5483"}],"version-history":[{"count":1,"href":"https:\/\/dgospel.com.br\/portal\/index.php\/wp-json\/wp\/v2\/posts\/5483\/revisions"}],"predecessor-version":[{"id":5485,"href":"https:\/\/dgospel.com.br\/portal\/index.php\/wp-json\/wp\/v2\/posts\/5483\/revisions\/5485"}],"wp:featuredmedia":[{"embeddable":true,"href":"https:\/\/dgospel.com.br\/portal\/index.php\/wp-json\/wp\/v2\/media\/5484"}],"wp:attachment":[{"href":"https:\/\/dgospel.com.br\/portal\/index.php\/wp-json\/wp\/v2\/media?parent=5483"}],"wp:term":[{"taxonomy":"category","embeddable":true,"href":"https:\/\/dgospel.com.br\/portal\/index.php\/wp-json\/wp\/v2\/categories?post=5483"},{"taxonomy":"post_tag","embeddable":true,"href":"https:\/\/dgospel.com.br\/portal\/index.php\/wp-json\/wp\/v2\/tags?post=5483"}],"curies":[{"name":"wp","href":"https:\/\/api.w.org\/{rel}","templated":true}]}}