{"id":5492,"date":"2020-04-22T22:21:21","date_gmt":"2020-04-23T01:21:21","guid":{"rendered":"http:\/\/dgospel.com.br\/portal\/?p=5492"},"modified":"2020-04-22T22:21:22","modified_gmt":"2020-04-23T01:21:22","slug":"laudecy-coimbra-mostra-preocupacao-com-educacao-infantil-e-ressalta-medidas-adotadas-pela-gestao","status":"publish","type":"post","link":"https:\/\/dgospel.com.br\/portal\/index.php\/2020\/04\/22\/laudecy-coimbra-mostra-preocupacao-com-educacao-infantil-e-ressalta-medidas-adotadas-pela-gestao\/","title":{"rendered":"Laudecy Coimbra mostra preocupa\u00e7\u00e3o com educa\u00e7\u00e3o infantil e ressalta medidas adotadas pela gest\u00e3o"},"content":{"rendered":"\n<p>\n\nEm meio \u00e0 crise causada pelo novo coronav\u00edrus, a vereadora Laudecy Coimbra (SD) exp\u00f4s sua preocupa\u00e7\u00e3o com as aulas tele presenciais para o Ensino Fundamental, autorizadas pelo Minist\u00e9rio da Educa\u00e7\u00e3o (MEC), durante a sess\u00e3o ordin\u00e1ria de quarta-feira, 22. Conforme a parlamentar, a rede de educa\u00e7\u00e3o de Palmas e do Tocantins n\u00e3o disp\u00f5e de estrutura realizar essas atividades virtualmente.<\/p>\n\n\n\n<p>Laudecy informou que seu receio em rela\u00e7\u00e3o \u00e0s aulas online, refere-se a falta de acesso a computadores e internet de v\u00e1rios alunos para acompanhar, mas que a Secretaria Municipal de Educa\u00e7\u00e3o j\u00e1 est\u00e1 montando uma estrat\u00e9gia para a reposi\u00e7\u00e3o das aulas quando o per\u00edodo de isolamento terminar, para que os alunos n\u00e3o fiquem prejudicados. \u201cNossa preocupa\u00e7\u00e3o \u00e9 que o processo de aprendizagem dessas crian\u00e7as n\u00e3o seja prejudicado. Preocupa\u00e7\u00e3o que tamb\u00e9m existe para a SEMED\u201d, assegurou a vereadora.<\/p>\n\n\n\n<p>Na ocasi\u00e3o, a parlamentar se pronunciou sobre a distribui\u00e7\u00e3o da merenda escolar, autorizada pelo MEC, e informou que a Secretaria Municipal de Educa\u00e7\u00e3o j\u00e1 est\u00e1 providenciando. \u201cA SEMED est\u00e1 montando kits de alimenta\u00e7\u00e3o, adquiridos com o recurso que seria destinado \u00e0 merendas na escola, para distribuir \u00e0s crian\u00e7as matriculadas na rede municipal de ensino\u201d, afirmou Laudecy.<\/p>\n\n\n\n<p>A vereadora ressalta ainda, a postura da prefeita Cinthia Ribeiro sobre as decis\u00f5es que foram necess\u00e1rias para conter o alastramento da doen\u00e7a e ao combate e enfrentamento, com medidas que se mostraram eficaz, visto que os casos de pessoas contaminadas s\u00e3o baixos. <\/p>\n\n\n\n<p>\n\nSede do Executivo<\/p>\n\n\n\n<p>Devido alguns questionamentos sobre o valor do aluguel da Sede do Executivo Municipal em Palmas, a vereadora informou que no contrato inicial a manuten\u00e7\u00e3o da estrutura f\u00edsica era por conta da Prefeitura, por\u00e9m, o contrato foi reformulado e a partir de agora a manuten\u00e7\u00e3o \u00e9 de responsabilidade do propriet\u00e1rio do im\u00f3vel. \u201cCom isso a Prefeitura teve uma redu\u00e7\u00e3o em sua despesa com o pr\u00e9dio, porque al\u00e9m do aluguel, ainda tinha a manuten\u00e7\u00e3o, com o novo contrato n\u00e3o ser\u00e1 mais responsabilidade do Pa\u00e7o gastar com a estrutura f\u00edsica do pr\u00e9dio\u201d, explicou.\n\n<\/p>\n","protected":false},"excerpt":{"rendered":"<p>Em meio \u00e0 crise causada pelo novo coronav\u00edrus, a vereadora Laudecy Coimbra (SD) exp\u00f4s sua preocupa\u00e7\u00e3o com as aulas tele presenciais para o Ensino Fundamental, autorizadas pelo Minist\u00e9rio da Educa\u00e7\u00e3o (MEC), durante a sess\u00e3o ordin\u00e1ria de quarta-feira, 22. Conforme a parlamentar, a rede de educa\u00e7\u00e3o de Palmas e do Tocantins n\u00e3o disp\u00f5e de estrutura realizar [&hellip;]<\/p>\n","protected":false},"author":2,"featured_media":5493,"comment_status":"open","ping_status":"open","sticky":false,"template":"","format":"standard","meta":[],"categories":[8],"tags":[],"_links":{"self":[{"href":"https:\/\/dgospel.com.br\/portal\/index.php\/wp-json\/wp\/v2\/posts\/5492"}],"collection":[{"href":"https:\/\/dgospel.com.br\/portal\/index.php\/wp-json\/wp\/v2\/posts"}],"about":[{"href":"https:\/\/dgospel.com.br\/portal\/index.php\/wp-json\/wp\/v2\/types\/post"}],"author":[{"embeddable":true,"href":"https:\/\/dgospel.com.br\/portal\/index.php\/wp-json\/wp\/v2\/users\/2"}],"replies":[{"embeddable":true,"href":"https:\/\/dgospel.com.br\/portal\/index.php\/wp-json\/wp\/v2\/comments?post=5492"}],"version-history":[{"count":1,"href":"https:\/\/dgospel.com.br\/portal\/index.php\/wp-json\/wp\/v2\/posts\/5492\/revisions"}],"predecessor-version":[{"id":5494,"href":"https:\/\/dgospel.com.br\/portal\/index.php\/wp-json\/wp\/v2\/posts\/5492\/revisions\/5494"}],"wp:featuredmedia":[{"embeddable":true,"href":"https:\/\/dgospel.com.br\/portal\/index.php\/wp-json\/wp\/v2\/media\/5493"}],"wp:attachment":[{"href":"https:\/\/dgospel.com.br\/portal\/index.php\/wp-json\/wp\/v2\/media?parent=5492"}],"wp:term":[{"taxonomy":"category","embeddable":true,"href":"https:\/\/dgospel.com.br\/portal\/index.php\/wp-json\/wp\/v2\/categories?post=5492"},{"taxonomy":"post_tag","embeddable":true,"href":"https:\/\/dgospel.com.br\/portal\/index.php\/wp-json\/wp\/v2\/tags?post=5492"}],"curies":[{"name":"wp","href":"https:\/\/api.w.org\/{rel}","templated":true}]}}