{"id":5495,"date":"2020-04-22T22:25:04","date_gmt":"2020-04-23T01:25:04","guid":{"rendered":"http:\/\/dgospel.com.br\/portal\/?p=5495"},"modified":"2020-04-22T22:25:18","modified_gmt":"2020-04-23T01:25:18","slug":"deputado-leo-barbosa-pede-ao-governo-do-estado-informacoes-sobre-cronograma-de-realizacao-do-concurso-da-pm","status":"publish","type":"post","link":"https:\/\/dgospel.com.br\/portal\/index.php\/2020\/04\/22\/deputado-leo-barbosa-pede-ao-governo-do-estado-informacoes-sobre-cronograma-de-realizacao-do-concurso-da-pm\/","title":{"rendered":"Deputado L\u00e9o Barbosa pede ao Governo do Estado informa\u00e7\u00f5es sobre cronograma de realiza\u00e7\u00e3o do concurso da PM"},"content":{"rendered":"\n<p>O deputado estadual L\u00e9o Barbosa (SD) solicitou ao Governo do Estado, atrav\u00e9s de requerimento protocolizado nesta quarta-feira (22) na Assembleia Legislativa, informa\u00e7\u00f5es referentes ao cronograma de realiza\u00e7\u00e3o do concurso da Pol\u00edcia Militar do Tocantins.<\/p>\n\n\n\n<p>O parlamentar ressaltou que apesar da atual situa\u00e7\u00e3o de calamidade p\u00fablica, em raz\u00e3o da pandemia do novo Coronav\u00edrus, a Seguran\u00e7a P\u00fablica \u00e9 uma prioridade e que milhares de pessoas que fizeram o concurso em 2018, posteriormente cancelado, est\u00e3o atingindo a idade limite para ingresso na corpora\u00e7\u00e3o e aguardam a realiza\u00e7\u00e3o de um novo processo seletivo.<\/p>\n\n\n\n<p>\u201cH\u00e1 uma expectativa muito grande por parte de milhares de tocantinenses em rela\u00e7\u00e3o a este concurso e queremos saber se h\u00e1 previs\u00e3o para a realiza\u00e7\u00e3o e como vai ficar a quest\u00e3o dos candidatos que teriam idade limite para esse ano. Encaminho esse requerimento, que tem efeito de pedido de informa\u00e7\u00e3o, para que a gente possa elucidar as d\u00favidas dessas pessoas que est\u00e3o ansiosas e dar a elas alguma not\u00edcia em rela\u00e7\u00e3o a este certame\u201d, destacou Barbosa.<\/p>\n\n\n\n<p><strong>Mudan\u00e7a na Legisla\u00e7\u00e3o<\/strong><\/p>\n\n\n\n<p>Em janeiro deste ano, o governo sancionou a Lei n\u00ba 3.613\/2019 que aumentou,&nbsp; de 30 para 32 anos, a idade m\u00e1xima para ingresso na Pol\u00edcia Militar e Corpo de Bombeiros do Tocantins. Muitos candidatos que fizeram o concurso em 2018 e que na \u00e9poca j\u00e1 estavam pr\u00f3ximos da idade limite comemoraram a mudan\u00e7a na legisla\u00e7\u00e3o e agora dizem que correm o risco de n\u00e3o poderem concorrer a uma vaga novamente.&nbsp; &nbsp; &nbsp; &nbsp; &nbsp; &nbsp; &nbsp; &nbsp; &nbsp; &nbsp; &nbsp; &nbsp; &nbsp;&nbsp;<\/p>\n","protected":false},"excerpt":{"rendered":"<p>O deputado estadual L\u00e9o Barbosa (SD) solicitou ao Governo do Estado, atrav\u00e9s de requerimento protocolizado nesta quarta-feira (22) na Assembleia Legislativa, informa\u00e7\u00f5es referentes ao cronograma de realiza\u00e7\u00e3o do concurso da Pol\u00edcia Militar do Tocantins. O parlamentar ressaltou que apesar da atual situa\u00e7\u00e3o de calamidade p\u00fablica, em raz\u00e3o da pandemia do novo Coronav\u00edrus, a Seguran\u00e7a P\u00fablica [&hellip;]<\/p>\n","protected":false},"author":2,"featured_media":5496,"comment_status":"open","ping_status":"open","sticky":false,"template":"","format":"standard","meta":[],"categories":[8],"tags":[],"_links":{"self":[{"href":"https:\/\/dgospel.com.br\/portal\/index.php\/wp-json\/wp\/v2\/posts\/5495"}],"collection":[{"href":"https:\/\/dgospel.com.br\/portal\/index.php\/wp-json\/wp\/v2\/posts"}],"about":[{"href":"https:\/\/dgospel.com.br\/portal\/index.php\/wp-json\/wp\/v2\/types\/post"}],"author":[{"embeddable":true,"href":"https:\/\/dgospel.com.br\/portal\/index.php\/wp-json\/wp\/v2\/users\/2"}],"replies":[{"embeddable":true,"href":"https:\/\/dgospel.com.br\/portal\/index.php\/wp-json\/wp\/v2\/comments?post=5495"}],"version-history":[{"count":1,"href":"https:\/\/dgospel.com.br\/portal\/index.php\/wp-json\/wp\/v2\/posts\/5495\/revisions"}],"predecessor-version":[{"id":5497,"href":"https:\/\/dgospel.com.br\/portal\/index.php\/wp-json\/wp\/v2\/posts\/5495\/revisions\/5497"}],"wp:featuredmedia":[{"embeddable":true,"href":"https:\/\/dgospel.com.br\/portal\/index.php\/wp-json\/wp\/v2\/media\/5496"}],"wp:attachment":[{"href":"https:\/\/dgospel.com.br\/portal\/index.php\/wp-json\/wp\/v2\/media?parent=5495"}],"wp:term":[{"taxonomy":"category","embeddable":true,"href":"https:\/\/dgospel.com.br\/portal\/index.php\/wp-json\/wp\/v2\/categories?post=5495"},{"taxonomy":"post_tag","embeddable":true,"href":"https:\/\/dgospel.com.br\/portal\/index.php\/wp-json\/wp\/v2\/tags?post=5495"}],"curies":[{"name":"wp","href":"https:\/\/api.w.org\/{rel}","templated":true}]}}