{"id":5498,"date":"2020-04-22T22:35:04","date_gmt":"2020-04-23T01:35:04","guid":{"rendered":"http:\/\/dgospel.com.br\/portal\/?p=5498"},"modified":"2020-04-22T22:36:37","modified_gmt":"2020-04-23T01:36:37","slug":"medidas-covid-19-valderez-quer-que-imobiliarias-suspendam-prestacoes-de-loteamentos-e-outros-imoveis","status":"publish","type":"post","link":"https:\/\/dgospel.com.br\/portal\/index.php\/2020\/04\/22\/medidas-covid-19-valderez-quer-que-imobiliarias-suspendam-prestacoes-de-loteamentos-e-outros-imoveis\/","title":{"rendered":"Medidas Covid-19: Valderez quer que imobili\u00e1rias suspendam presta\u00e7\u00f5es de loteamentos e outros im\u00f3veis"},"content":{"rendered":"\n<p>A deputada estadual, Valderez Castelo Branco (Progressistas), apresentou nesta quarta-feira (22), requerimento ao Governo do Estado, que solicita \u00e0s imobili\u00e1rias do Estado do Tocantins, a viabilidade de suspens\u00e3o por at\u00e9 90 dias das presta\u00e7\u00f5es de financiamento de im\u00f3veis como casas, apartamentos e lotes para fam\u00edlias tocantinenses em situa\u00e7\u00e3o de vulnerabilidade devido \u00e0 crise provocada pelo novo Coronav\u00edrus.&nbsp;<\/p>\n\n\n\n<p>O governador do Tocantins, Mauro Carlesse (DEM), decretou estado de calamidade p\u00fablica em raz\u00e3o da pandemia da Covid-19 causada pelo novo Coronav\u00edrus. O Decreto n\u00b0 6.072, que trata sobre o assunto, foi elaborado em raz\u00e3o da grave crise de sa\u00fade p\u00fablica, econ\u00f4mico-or\u00e7ament\u00e1ria e social decorrente da pandemia do novo Coronav\u00edrus, declarada pela Organiza\u00e7\u00e3o Mundial da Sa\u00fade (OMS). O texto foi aprovado pelos deputados na Assembleia Legislativa do Tocantins (Alto), no \u00faltimo dia 6 de abril.<\/p>\n\n\n\n<p>Segundo a parlamentar, al\u00e9m dessas quest\u00f5es, tamb\u00e9m \u00e9 preciso pensar em todas as inst\u00e2ncias, nos cidad\u00e3os e cidad\u00e3s afetados por essa crise. \u201cUma parcela da popula\u00e7\u00e3o v\u00ea-se atualmente impossibilitada de arcar com compromissos imobili\u00e1rios, devido a in\u00fameros fatores como, por exemplo, a redu\u00e7\u00e3o de receita familiar neste per\u00edodo\u201d, declarou.<\/p>\n\n\n\n<p>Dessa forma, a suspens\u00e3o por at\u00e9 90 dias de presta\u00e7\u00f5es de financiamento de im\u00f3veis como casas, apartamentos e lotes para fam\u00edlias tocantinenses em situa\u00e7\u00e3o de vulnerabilidade permitiria, assim, que as pessoas possam pagar contas priorit\u00e1rias como alimenta\u00e7\u00e3o e higiene.<br><\/p>\n","protected":false},"excerpt":{"rendered":"<p>A deputada estadual, Valderez Castelo Branco (Progressistas), apresentou nesta quarta-feira (22), requerimento ao Governo do Estado, que solicita \u00e0s imobili\u00e1rias do Estado do Tocantins, a viabilidade de suspens\u00e3o por at\u00e9 90 dias das presta\u00e7\u00f5es de financiamento de im\u00f3veis como casas, apartamentos e lotes para fam\u00edlias tocantinenses em situa\u00e7\u00e3o de vulnerabilidade devido \u00e0 crise provocada pelo [&hellip;]<\/p>\n","protected":false},"author":2,"featured_media":5500,"comment_status":"open","ping_status":"open","sticky":false,"template":"","format":"standard","meta":[],"categories":[8,1],"tags":[],"_links":{"self":[{"href":"https:\/\/dgospel.com.br\/portal\/index.php\/wp-json\/wp\/v2\/posts\/5498"}],"collection":[{"href":"https:\/\/dgospel.com.br\/portal\/index.php\/wp-json\/wp\/v2\/posts"}],"about":[{"href":"https:\/\/dgospel.com.br\/portal\/index.php\/wp-json\/wp\/v2\/types\/post"}],"author":[{"embeddable":true,"href":"https:\/\/dgospel.com.br\/portal\/index.php\/wp-json\/wp\/v2\/users\/2"}],"replies":[{"embeddable":true,"href":"https:\/\/dgospel.com.br\/portal\/index.php\/wp-json\/wp\/v2\/comments?post=5498"}],"version-history":[{"count":1,"href":"https:\/\/dgospel.com.br\/portal\/index.php\/wp-json\/wp\/v2\/posts\/5498\/revisions"}],"predecessor-version":[{"id":5499,"href":"https:\/\/dgospel.com.br\/portal\/index.php\/wp-json\/wp\/v2\/posts\/5498\/revisions\/5499"}],"wp:featuredmedia":[{"embeddable":true,"href":"https:\/\/dgospel.com.br\/portal\/index.php\/wp-json\/wp\/v2\/media\/5500"}],"wp:attachment":[{"href":"https:\/\/dgospel.com.br\/portal\/index.php\/wp-json\/wp\/v2\/media?parent=5498"}],"wp:term":[{"taxonomy":"category","embeddable":true,"href":"https:\/\/dgospel.com.br\/portal\/index.php\/wp-json\/wp\/v2\/categories?post=5498"},{"taxonomy":"post_tag","embeddable":true,"href":"https:\/\/dgospel.com.br\/portal\/index.php\/wp-json\/wp\/v2\/tags?post=5498"}],"curies":[{"name":"wp","href":"https:\/\/api.w.org\/{rel}","templated":true}]}}