{"id":550,"date":"2018-06-15T00:11:45","date_gmt":"2018-06-15T03:11:45","guid":{"rendered":"http:\/\/dgospel.com.br\/portal\/?p=550"},"modified":"2018-06-15T09:02:40","modified_gmt":"2018-06-15T12:02:40","slug":"lideres-evangelicos-declaram-apoio-ao-candidato-mauro-carlesse","status":"publish","type":"post","link":"https:\/\/dgospel.com.br\/portal\/index.php\/2018\/06\/15\/lideres-evangelicos-declaram-apoio-ao-candidato-mauro-carlesse\/","title":{"rendered":"L\u00edderes evang\u00e9licos declaram apoio ao candidato Mauro Carlesse"},"content":{"rendered":"<p>Um grupo de, aproximadamente, 100 l\u00edderes evang\u00e9licos se reuniu na noite desta quinta-feira (14) para declarar apoio \u00e0 campanha da coliga\u00e7\u00e3o Governo de Atitude, de Mauro Carlesse (PHS). Liderada pelo pastor Jos\u00e9 Teles Carneiro Filho, presidente da Assembleia de Deus CIADSETA em Taquaralto, a reuni\u00e3o foi realizada na resid\u00eancia do l\u00edder assembleiano na regi\u00e3o sul da capital. Na oportunidade o candidato a vice governador deputado Wanderlei Barbosa, representou o candidato Mauro Carlesse.<\/p>\n<p>O pastor Jos\u00e9 Filho que apoiou a candidata K\u00e1tia Abreu no primeiro turno, disse que depois de analisar as propostas dos dois candidatos, chegou \u00e0 conclus\u00e3o que no momento Carlesse \u00e9 o melhor nome para o governo do estado. O l\u00edder explicou que no primeiro turno apoiou a candidatura de K\u00e1tia Abreu por ser amigo pessoal da senadora.<\/p>\n<p>\u201cAnalisando a situa\u00e7\u00e3o que passa o nosso estado, vejo que seria muito ruim uma troca de governo novamente. Ent\u00e3o pela estabilidade do estado resolvi apoiar \u00e0 candidatura do Carlesse e de Wanderlei Barbosa\u201d, disse.<\/p>\n<p>&nbsp;<\/p>\n<p><img loading=\"lazy\" class=\"alignnone size-medium wp-image-552\" src=\"http:\/\/dgospel.com.br\/portal\/wp-content\/uploads\/2018\/06\/IMG-20180614-WA0253-169x300.jpg\" alt=\"\" width=\"169\" height=\"300\" srcset=\"https:\/\/dgospel.com.br\/portal\/wp-content\/uploads\/2018\/06\/IMG-20180614-WA0253-169x300.jpg 169w, https:\/\/dgospel.com.br\/portal\/wp-content\/uploads\/2018\/06\/IMG-20180614-WA0253-576x1024.jpg 576w, https:\/\/dgospel.com.br\/portal\/wp-content\/uploads\/2018\/06\/IMG-20180614-WA0253.jpg 720w\" sizes=\"(max-width: 169px) 100vw, 169px\" \/>Na oportunidade Wanderlei Barbosa disse que Mauro Carlesse j\u00e1 mostrou que \u00e9 capaz de melhorar a sa\u00fade, a educa\u00e7\u00e3o, a seguran\u00e7a e a infraestrutura do estado. \u00a0Barbosa disse tamb\u00e9m que Mauro Carlesse \u00e9 um homem que respeita as cren\u00e7as e \u00e9 um defensor da fam\u00edlia tradicional.<\/p>\n<p><img loading=\"lazy\" class=\"alignnone size-medium wp-image-553\" src=\"http:\/\/dgospel.com.br\/portal\/wp-content\/uploads\/2018\/06\/IMG-20180614-WA0255-300x167.jpg\" alt=\"\" width=\"300\" height=\"167\" srcset=\"https:\/\/dgospel.com.br\/portal\/wp-content\/uploads\/2018\/06\/IMG-20180614-WA0255-300x167.jpg 300w, https:\/\/dgospel.com.br\/portal\/wp-content\/uploads\/2018\/06\/IMG-20180614-WA0255-768x427.jpg 768w, https:\/\/dgospel.com.br\/portal\/wp-content\/uploads\/2018\/06\/IMG-20180614-WA0255-1024x569.jpg 1024w, https:\/\/dgospel.com.br\/portal\/wp-content\/uploads\/2018\/06\/IMG-20180614-WA0255.jpg 1147w\" sizes=\"(max-width: 300px) 100vw, 300px\" \/><\/p>\n<p>Participaram da reuni\u00e3o v\u00e1rios l\u00edderes, como o Pr. Pedro Lima Santos, presidente de honra da CIADSETA, Pr. Gilvan de Carvalho, presidente da Assembleia de Deus em Taquaru\u00e7u, Pr. Jediel Lima, presidente da Assembleia de Deus no Aureny 3, Pr. Paulo presidente da Assembleia de Deus COMADESMA, Pr. Irancildo, pr\u00e9-candidato a deputado estadual, Nuir J\u00fanior, pr\u00e9-candidato a deputado federal, Capit\u00e3o Rangel, Irm\u00e3o Jairo, suplente de vereador, e muitas outras lideran\u00e7as.<\/p>\n","protected":false},"excerpt":{"rendered":"<p>Um grupo de, aproximadamente, 100 l\u00edderes evang\u00e9licos se reuniu na noite desta quinta-feira (14) para declarar apoio \u00e0 campanha da coliga\u00e7\u00e3o Governo de Atitude, de Mauro Carlesse (PHS). Liderada pelo pastor Jos\u00e9 Teles Carneiro Filho, presidente da Assembleia de Deus CIADSETA em Taquaralto, a reuni\u00e3o foi realizada na resid\u00eancia do l\u00edder assembleiano na regi\u00e3o sul [&hellip;]<\/p>\n","protected":false},"author":2,"featured_media":551,"comment_status":"open","ping_status":"open","sticky":false,"template":"","format":"standard","meta":[],"categories":[2,4],"tags":[],"_links":{"self":[{"href":"https:\/\/dgospel.com.br\/portal\/index.php\/wp-json\/wp\/v2\/posts\/550"}],"collection":[{"href":"https:\/\/dgospel.com.br\/portal\/index.php\/wp-json\/wp\/v2\/posts"}],"about":[{"href":"https:\/\/dgospel.com.br\/portal\/index.php\/wp-json\/wp\/v2\/types\/post"}],"author":[{"embeddable":true,"href":"https:\/\/dgospel.com.br\/portal\/index.php\/wp-json\/wp\/v2\/users\/2"}],"replies":[{"embeddable":true,"href":"https:\/\/dgospel.com.br\/portal\/index.php\/wp-json\/wp\/v2\/comments?post=550"}],"version-history":[{"count":3,"href":"https:\/\/dgospel.com.br\/portal\/index.php\/wp-json\/wp\/v2\/posts\/550\/revisions"}],"predecessor-version":[{"id":556,"href":"https:\/\/dgospel.com.br\/portal\/index.php\/wp-json\/wp\/v2\/posts\/550\/revisions\/556"}],"wp:featuredmedia":[{"embeddable":true,"href":"https:\/\/dgospel.com.br\/portal\/index.php\/wp-json\/wp\/v2\/media\/551"}],"wp:attachment":[{"href":"https:\/\/dgospel.com.br\/portal\/index.php\/wp-json\/wp\/v2\/media?parent=550"}],"wp:term":[{"taxonomy":"category","embeddable":true,"href":"https:\/\/dgospel.com.br\/portal\/index.php\/wp-json\/wp\/v2\/categories?post=550"},{"taxonomy":"post_tag","embeddable":true,"href":"https:\/\/dgospel.com.br\/portal\/index.php\/wp-json\/wp\/v2\/tags?post=550"}],"curies":[{"name":"wp","href":"https:\/\/api.w.org\/{rel}","templated":true}]}}