{"id":5504,"date":"2020-04-22T22:57:03","date_gmt":"2020-04-23T01:57:03","guid":{"rendered":"http:\/\/dgospel.com.br\/portal\/?p=5504"},"modified":"2020-04-22T22:57:04","modified_gmt":"2020-04-23T01:57:04","slug":"governador-mauro-carlesse-mantem-jornada-reduzida-para-servidores-e-prorroga-retorno-das-aulas","status":"publish","type":"post","link":"https:\/\/dgospel.com.br\/portal\/index.php\/2020\/04\/22\/governador-mauro-carlesse-mantem-jornada-reduzida-para-servidores-e-prorroga-retorno-das-aulas\/","title":{"rendered":"Governador Mauro Carlesse mant\u00e9m jornada reduzida para servidores e prorroga retorno das aulas"},"content":{"rendered":"\n<p>Ap\u00f3s reuni\u00e3o do Comit\u00ea de Crise para Preven\u00e7\u00e3o da Covid-19 (novo Coronav\u00edrus) que ocorreu na segunda-feira, 20, o governador Mauro Carlesse assinou o Decreto n\u00ba 6.086, que ser\u00e1 publicado na edi\u00e7\u00e3o do Di\u00e1rio Oficial do Estado (DOE) desta quarta-feira, 22, no qual mant\u00e9m a jornada reduzida de seis horas aos servidores p\u00fablicos do Estado e a suspens\u00e3o de aulas em estabelecimentos de ensino p\u00fablicos e privados com sede no Tocantins, como escolas e universidades.<\/p>\n\n\n\n<p>O revezamento de servidores, a fim de evitar aglomera\u00e7\u00f5es, e a jornada de trabalho reduzida, das 8 \u00e0s 14 horas, ir\u00e3o prevalecer at\u00e9 o pr\u00f3ximo dia 30 de abril. J\u00e1 o trabalho remoto para servidores que integram o grupo de risco da Covid-19, que foi estabelecido no Decreto n\u00ba 6.072, de 21 de mar\u00e7o de 2020, que declarou Estado de Calamidade P\u00fablica no Tocantins, ficar\u00e1 em vigor at\u00e9 o dia 29 de maio.<\/p>\n\n\n\n<p>Em rela\u00e7\u00e3o \u00e0s aulas, a suspens\u00e3o ser\u00e1 mantida at\u00e9 o pr\u00f3ximo dia 30 de abril. Cabe \u00e0s institui\u00e7\u00f5es e os estabelecimentos de ensino do Tocantins ficarem atentos \u00e0s orienta\u00e7\u00f5es e normas para assegurar a reorganiza\u00e7\u00e3o do Calend\u00e1rio Escolar.<\/p>\n\n\n\n<p><strong>Outras Determina\u00e7\u00f5es<\/strong><\/p>\n\n\n\n<p>O decreto tamb\u00e9m manteve a suspens\u00e3o das atividades em pra\u00e7as esportivas sob a gest\u00e3o do poder p\u00fablico estadual ou de sua propriedade como est\u00e1dios, gin\u00e1sios ou qualquer outra pra\u00e7a ou equipamento de uso compartilhado.<\/p>\n\n\n\n<p>Tamb\u00e9m houve a prorroga\u00e7\u00e3o, por tempo indeterminado, das veda\u00e7\u00f5es para presta\u00e7\u00e3o de servi\u00e7o de transporte coletivo urbano e rural, bem como o transporte coletivo intermunicipal de passageiros, p\u00fablico e privado, que exceda \u00e0 metade da capacidade de usu\u00e1rios sentados; e para realiza\u00e7\u00e3o de eventos e de reuni\u00f5es de qualquer natureza, de car\u00e1ter p\u00fablico ou privado, inclu\u00eddas excurs\u00f5es, em que ocorra a aglomera\u00e7\u00e3o de pessoas.<\/p>\n\n\n\n<p>A veda\u00e7\u00e3o tamb\u00e9m inclui a realiza\u00e7\u00e3o de viagens oficiais interestaduais ou internacionais por parte dos agentes p\u00fablicos vinculados aos \u00f3rg\u00e3os e entidades do Governo, ficando liberadas, somente, as que forem autorizadas pelo governador Mauro Carlesse, nos casos em elas se mostrarem improrrog\u00e1veis.<\/p>\n","protected":false},"excerpt":{"rendered":"<p>Ap\u00f3s reuni\u00e3o do Comit\u00ea de Crise para Preven\u00e7\u00e3o da Covid-19 (novo Coronav\u00edrus) que ocorreu na segunda-feira, 20, o governador Mauro Carlesse assinou o Decreto n\u00ba 6.086, que ser\u00e1 publicado na edi\u00e7\u00e3o do Di\u00e1rio Oficial do Estado (DOE) desta quarta-feira, 22, no qual mant\u00e9m a jornada reduzida de seis horas aos servidores p\u00fablicos do Estado e [&hellip;]<\/p>\n","protected":false},"author":2,"featured_media":5505,"comment_status":"open","ping_status":"open","sticky":false,"template":"","format":"standard","meta":[],"categories":[3],"tags":[],"_links":{"self":[{"href":"https:\/\/dgospel.com.br\/portal\/index.php\/wp-json\/wp\/v2\/posts\/5504"}],"collection":[{"href":"https:\/\/dgospel.com.br\/portal\/index.php\/wp-json\/wp\/v2\/posts"}],"about":[{"href":"https:\/\/dgospel.com.br\/portal\/index.php\/wp-json\/wp\/v2\/types\/post"}],"author":[{"embeddable":true,"href":"https:\/\/dgospel.com.br\/portal\/index.php\/wp-json\/wp\/v2\/users\/2"}],"replies":[{"embeddable":true,"href":"https:\/\/dgospel.com.br\/portal\/index.php\/wp-json\/wp\/v2\/comments?post=5504"}],"version-history":[{"count":1,"href":"https:\/\/dgospel.com.br\/portal\/index.php\/wp-json\/wp\/v2\/posts\/5504\/revisions"}],"predecessor-version":[{"id":5506,"href":"https:\/\/dgospel.com.br\/portal\/index.php\/wp-json\/wp\/v2\/posts\/5504\/revisions\/5506"}],"wp:featuredmedia":[{"embeddable":true,"href":"https:\/\/dgospel.com.br\/portal\/index.php\/wp-json\/wp\/v2\/media\/5505"}],"wp:attachment":[{"href":"https:\/\/dgospel.com.br\/portal\/index.php\/wp-json\/wp\/v2\/media?parent=5504"}],"wp:term":[{"taxonomy":"category","embeddable":true,"href":"https:\/\/dgospel.com.br\/portal\/index.php\/wp-json\/wp\/v2\/categories?post=5504"},{"taxonomy":"post_tag","embeddable":true,"href":"https:\/\/dgospel.com.br\/portal\/index.php\/wp-json\/wp\/v2\/tags?post=5504"}],"curies":[{"name":"wp","href":"https:\/\/api.w.org\/{rel}","templated":true}]}}