{"id":5507,"date":"2020-04-22T23:07:23","date_gmt":"2020-04-23T02:07:23","guid":{"rendered":"http:\/\/dgospel.com.br\/portal\/?p=5507"},"modified":"2020-04-22T23:07:25","modified_gmt":"2020-04-23T02:07:25","slug":"cabrini-quando-vao-pedir-desculpas-pelo-carnaval","status":"publish","type":"post","link":"https:\/\/dgospel.com.br\/portal\/index.php\/2020\/04\/22\/cabrini-quando-vao-pedir-desculpas-pelo-carnaval\/","title":{"rendered":"Cabrini: \u201cQuando v\u00e3o pedir desculpas pelo carnaval?\u201d"},"content":{"rendered":"\n<p>O jornalista Roberto Cabrini mexeu com as redes sociais na manh\u00e3 desta quarta-feira (22), ap\u00f3s um coment\u00e1rio feito por ele na edi\u00e7\u00e3o mais recente do jornal\u00edstico Conex\u00e3o Rep\u00f3rter, exibido pelo SBT na \u00faltima segunda-feira (20), ir parar na internet.<\/p>\n\n\n\n<p>No v\u00eddeo, Cabrini \u00e9 enf\u00e1tico ao questionar pontos pol\u00eamicos da pandemia de Covid-19 e indaga o fato do carnaval ter causado grandes aglomera\u00e7\u00f5es pelo Brasil.<\/p>\n\n\n\n<p>\u2013 Quando as pessoas que organizaram o carnaval no Brasil este ano v\u00e3o, afinal, pedir desculpas \u00e0 popula\u00e7\u00e3o pela aglomera\u00e7\u00e3o que causaram? \u2013 pergunta.<\/p>\n\n\n\n<figure class=\"wp-block-embed-youtube wp-block-embed is-type-video is-provider-youtube wp-embed-aspect-16-9 wp-has-aspect-ratio\"><div class=\"wp-block-embed__wrapper\">\n<iframe loading=\"lazy\" title=\"O Inimigo Invis\u00edvel: Semana 5 - Jornada ao Front | Conex\u00e3o Rep\u00f3rter (20\/04\/20)\" width=\"630\" height=\"354\" src=\"https:\/\/www.youtube.com\/embed\/-fBuXVCymhQ?feature=oembed\" frameborder=\"0\" allow=\"accelerometer; autoplay; encrypted-media; gyroscope; picture-in-picture\" allowfullscreen><\/iframe>\n<\/div><\/figure>\n\n\n\n<p>O rep\u00f3rter tamb\u00e9m afirma em sua fala que o pa\u00eds \u00e9 \u201co segundo maior caso de sucesso no controle do coronav\u00edrus, atr\u00e1s apenas da Coreia do Sul\u201d.<\/p>\n\n\n\n<p>\u2013 O n\u00famero de pacientes recuperados da Covid-19 no Brasil, n\u00e3o sei se voc\u00ea sabe, \u00e9 seis vezes maior do que o n\u00famero de v\u00edtimas fatais \u2013 destaca.<\/p>\n\n\n\n<p>Outro ponto levantado por Cabrini \u00e9 a possibilidade de pol\u00edticos se aproveitarem do momento de pandemia para executar contratos sem licita\u00e7\u00e3o com pre\u00e7os superfaturados.<\/p>\n\n\n\n<p>\u2013 Daqui a um ano, mais do que pandemia, estejamos falando sobre o alarmante n\u00famero de contratos sem licita\u00e7\u00e3o, assinados em car\u00e1ter de emerg\u00eancia para compras de equipamentos m\u00e9dicos e produtos de prote\u00e7\u00e3o superfaturados \u2013 completa.<\/p>\n\n\n\n<p>Fonte: pleno.news<\/p>\n","protected":false},"excerpt":{"rendered":"<p>O jornalista Roberto Cabrini mexeu com as redes sociais na manh\u00e3 desta quarta-feira (22), ap\u00f3s um coment\u00e1rio feito por ele na edi\u00e7\u00e3o mais recente do jornal\u00edstico Conex\u00e3o Rep\u00f3rter, exibido pelo SBT na \u00faltima segunda-feira (20), ir parar na internet. No v\u00eddeo, Cabrini \u00e9 enf\u00e1tico ao questionar pontos pol\u00eamicos da pandemia de Covid-19 e indaga o [&hellip;]<\/p>\n","protected":false},"author":2,"featured_media":5508,"comment_status":"open","ping_status":"open","sticky":false,"template":"","format":"standard","meta":[],"categories":[10,6],"tags":[],"_links":{"self":[{"href":"https:\/\/dgospel.com.br\/portal\/index.php\/wp-json\/wp\/v2\/posts\/5507"}],"collection":[{"href":"https:\/\/dgospel.com.br\/portal\/index.php\/wp-json\/wp\/v2\/posts"}],"about":[{"href":"https:\/\/dgospel.com.br\/portal\/index.php\/wp-json\/wp\/v2\/types\/post"}],"author":[{"embeddable":true,"href":"https:\/\/dgospel.com.br\/portal\/index.php\/wp-json\/wp\/v2\/users\/2"}],"replies":[{"embeddable":true,"href":"https:\/\/dgospel.com.br\/portal\/index.php\/wp-json\/wp\/v2\/comments?post=5507"}],"version-history":[{"count":1,"href":"https:\/\/dgospel.com.br\/portal\/index.php\/wp-json\/wp\/v2\/posts\/5507\/revisions"}],"predecessor-version":[{"id":5509,"href":"https:\/\/dgospel.com.br\/portal\/index.php\/wp-json\/wp\/v2\/posts\/5507\/revisions\/5509"}],"wp:featuredmedia":[{"embeddable":true,"href":"https:\/\/dgospel.com.br\/portal\/index.php\/wp-json\/wp\/v2\/media\/5508"}],"wp:attachment":[{"href":"https:\/\/dgospel.com.br\/portal\/index.php\/wp-json\/wp\/v2\/media?parent=5507"}],"wp:term":[{"taxonomy":"category","embeddable":true,"href":"https:\/\/dgospel.com.br\/portal\/index.php\/wp-json\/wp\/v2\/categories?post=5507"},{"taxonomy":"post_tag","embeddable":true,"href":"https:\/\/dgospel.com.br\/portal\/index.php\/wp-json\/wp\/v2\/tags?post=5507"}],"curies":[{"name":"wp","href":"https:\/\/api.w.org\/{rel}","templated":true}]}}