{"id":5510,"date":"2020-04-22T23:10:14","date_gmt":"2020-04-23T02:10:14","guid":{"rendered":"http:\/\/dgospel.com.br\/portal\/?p=5510"},"modified":"2020-04-22T23:10:15","modified_gmt":"2020-04-23T02:10:15","slug":"ministro-da-saude-fala-em-plano-de-saida-de-isolamento","status":"publish","type":"post","link":"https:\/\/dgospel.com.br\/portal\/index.php\/2020\/04\/22\/ministro-da-saude-fala-em-plano-de-saida-de-isolamento\/","title":{"rendered":"Ministro da Sa\u00fade fala em \u2018plano de sa\u00edda\u2019 de isolamento"},"content":{"rendered":"\n<p>O ministro da Sa\u00fade, Nelson Teich, disse nesta quarta-feira (22) que \u00e9 imposs\u00edvel que o pa\u00eds sobreviva a mais de um ano parado e defendeu a constru\u00e7\u00e3o de um \u201cplano de sa\u00edda\u201d do isolamento social junto com estados e munic\u00edpios.<\/p>\n\n\n\n<p>O ministro citou o conceito de que 70% da popula\u00e7\u00e3o precisa entrar em contato com o v\u00edrus para que a comunidade adquira imunidade, explicando que \u201ctalvez a gente nem chegue a esse n\u00famero antes da vacina\u201d, relatou. Ele tamb\u00e9m negou que haja um crescimento explosivo de casos.<\/p>\n\n\n\n<p>\u2013 Hoje temos 43 mil casos [45.700] de coronav\u00edrus no Brasil. Se a gente imaginar que podemos ter uma margem de erro grande, digamos de cem vezes em um exemplo hipot\u00e9tico, estamos falando em 4 milh\u00f5es de pessoas. Hoje somos 212 milh\u00f5es. Ent\u00e3o fora da Covid tem 208 milh\u00f5es de pessoas que continuam com suas doen\u00e7as e seus problemas e precisam ter isso tratado \u2013 defendeu.<\/p>\n\n\n\n<p>E continuou.<\/p>\n\n\n\n<p>\u2013 O que representa hoje 4 milh\u00f5es de pessoas num pa\u00eds como esse? \u00c9 2% da popula\u00e7\u00e3o. Se existe o conceito de que voc\u00ea tem que ter 70% da popula\u00e7\u00e3o em contato com a doen\u00e7a para que seja imune, e a vacina vai levar um ano, um ano e meio, e se n\u00e3o tem um crescimento explosivo da doen\u00e7a, o que n\u00e3o est\u00e1 acontecendo no Brasil, \u00e9 imposs\u00edvel um pa\u00eds sobreviver um ano, um ano e meio parado \u2013 ressaltou.<\/p>\n\n\n\n<p>Para ele, o afastamento \u201c\u00e9 uma medida natural e l\u00f3gica na largada, mas n\u00e3o pode n\u00e3o estar acompanhado de um programa de sa\u00edda.\u201d<\/p>\n\n\n\n<p>O ministro defendeu que o trabalho da pasta seja focado em tr\u00eas eixos: informa\u00e7\u00e3o, infraestrutura e uma diretriz para que estados e munic\u00edpios criem pol\u00edticas em rela\u00e7\u00e3o ao isolamento e distanciamento.<\/p>\n\n\n\n<p>Teich tamb\u00e9m confirmou que deve nomear o general Eduardo Pazuello ao cargo de secret\u00e1rio-executivo da pasta. Segundo ele, o general deve ajudar sobretudo na quest\u00e3o de infraestrutura na rede de sa\u00fade. Pazuello \u00e9 conhecido por ter participado da opera\u00e7\u00e3o Acolhida para recep\u00e7\u00e3o de refugiados venezuelanos.<\/p>\n\n\n\n<p>\u2013 Por que estou fazendo isso? Nesses poucos dias que estou aqui, a impress\u00e3o que eu tenho \u00e9 que a gente precisa ser muito mais eficiente do que a gente \u00e9 hoje. A gente est\u00e1 falando de log\u00edstica, de compras, de distribui\u00e7\u00e3o, e ele \u00e9 uma pessoa muito experiente nisso \u2013 afirmou.<\/p>\n\n\n\n<p>Segundo Teich, a falta de informa\u00e7\u00f5es hoje sobre a doen\u00e7a dificulta tomar decis\u00f5es.<\/p>\n\n\n\n<p>Ele demonstrou preocupa\u00e7\u00e3o com impactos sobre outras doen\u00e7as, como atendimentos de c\u00e2ncer e doen\u00e7as cardiovasculares, cujos pacientes n\u00e3o estariam procurando hospitais em meio \u00e0 crise, afirma.<\/p>\n\n\n\n<p>Tamb\u00e9m voltou a dizer que impactos na economia podem gerar reflexos na sa\u00fade.<\/p>\n\n\n\n<p>\u2013 Se tivermos desemprego e perda significativa na sa\u00fade suplementar, isso vai sobrecarregar mais o SUS \u2013 disse.<\/p>\n\n\n\n<p>De acordo com Teich, hospitais t\u00eam sofrido queda de at\u00e9 40% no atendimento de outros casos que n\u00e3o o coronav\u00edrus.<\/p>\n\n\n\n<p>\u201cIsso vai fazer com que tenham dificuldade ainda maior em sobreviver. Quanto mais segurar, mais dif\u00edcil vai ser para eles. Qual o problema pr\u00e1tico disso: vai ter demanda reprimida gigante ao longo desse tempo. E se hospitais estiverem despreparados, quando a gente controlar a Covid, vamos ter outra crise, que \u00e9 a n\u00e3o capacidade de atender uma demanda reprimida do n\u00e3o Covid \u2013 apontou.<\/p>\n\n\n\n<p>A suspens\u00e3o de atendimentos eletivos, no entanto, vinha sido recomendada como forma de evitar uma sobrecarga devido ao coronav\u00edrus. O atendimento \u00e9 mantido para casos urgentes.<\/p>\n\n\n\n<p>Teich defendeu ainda a cria\u00e7\u00e3o de um banco de dados com outros minist\u00e9rios. A ideia \u00e9 que o banco tenha dados ligados a hospitais, informa, al\u00e9m de n\u00fameros da doen\u00e7a.\u200b<\/p>\n\n\n\n<p>O ministro tamb\u00e9m afirmou que vai entregar em uma semana uma nova diretriz para estados e munic\u00edpios que queiram adotar formas mais brandas de isolamento ou mesmo abandon\u00e1-las.<\/p>\n\n\n\n<p>Sob a gest\u00e3o do ministro Luiz Henrique Mandetta, a pasta publicou um boletim com recomenda\u00e7\u00f5es para estados e munic\u00edpios que quisessem fazer essa transi\u00e7\u00e3o, passando do distanciamento social ampliado para o seletivo -no qual apenas grupos de risco ficam isolados.<\/p>\n\n\n\n<p>O texto indicava a possibilidade de transi\u00e7\u00e3o para unidades da federa\u00e7\u00e3o cujos casos confirmados da Covid-19 n\u00e3o impactassem em mais de 50% a capacidade de sa\u00fade instalada.<\/p>\n\n\n\n<p>Teich informou que a nova diretriz ser\u00e1 mais \u201ccustomizada\u201d para as diferentes regi\u00f5es do pa\u00eds.<\/p>\n\n\n\n<p>\u2013 O Brasil \u00e9 absolutamente gigante e heterog\u00eaneo. N\u00e3o tem como uma diretriz dessas n\u00e3o ser customizada para diferentes partes do pa\u00eds, para os diferentes estados e diferentes regi\u00f5es. A\u00ed voc\u00ea vai computar qual \u00e9 o n\u00famero de casos novos que devem surgir, somado aos casos anteriores, qual \u00e9 a estrutura que voc\u00ea tem hoje de leitos, quantos por cento est\u00e3o ocupados, como que est\u00e1 a sua parte de recursos humanos, o que que se tem que planejar \u2013 destacou.<\/p>\n\n\n\n<p>Teich tamb\u00e9m criticou os modelos matem\u00e1ticos que trouxeram estimativas de \u00f3bitos, que n\u00e3o se concretizaram.<\/p>\n\n\n\n<p>\u2013 Se voc\u00ea pegar o n\u00famero que mais assustou, que foi o do Imperial College, em que eles falavam que 1,150 milh\u00e3o de pessoas morreriam no Brasil, mas com algum tipo de cuidado espec\u00edfico, cairia para 44 mil. Isso \u00e9 imposs\u00edvel. N\u00e3o tem medida que caia de 1,150 milh\u00e3o para 44 mil \u2013 disse.<\/p>\n\n\n\n<p>Essa foi a primeira coletiva de imprensa com a participa\u00e7\u00e3o do novo ministro, que vem evitando contato com a imprensa. Ele disse ter inten\u00e7\u00e3o de rever o modelo de divulga\u00e7\u00e3o e suspendeu coletiva com t\u00e9cnicos da pasta at\u00e9 a pr\u00f3xima semana. Os encontros ocorriam desde o fim de janeiro. A coletiva foi acompanhada pelo governador do Distrito Federal, Ibaneis Rocha (MDB).<\/p>\n\n\n\n<p>Prestes a abandonar sua pol\u00edtica de distanciamento social, o governo do Distrito Federal estabeleceu um prazo de dez dias para a divulga\u00e7\u00e3o de um cronograma para a reabertura das escolas.<\/p>\n\n\n\n<p>De acordo com Ibaneis, o governo pretende iniciar a retomada do sistema educacional atrav\u00e9s dos alunos do ensino m\u00e9dio, por serem mais velhos e portanto mais aptos a seguirem as recomenda\u00e7\u00f5es de higiene.<\/p>\n\n\n\n<p>O governador afirmou que discutiu com sua equipe de secret\u00e1rios a possibilidade de reabrir inicialmente as escolas c\u00edvico-militares, seguindo a um pedido do presidente Jair Bolsonaro, com quem se reuniu na segunda-feira. No entanto, argumentou, a experi\u00eancia de outros pa\u00edses indicou ser mais favor\u00e1vel iniciar com um p\u00fablico espec\u00edfico.<\/p>\n\n\n\n<p>\u2013 Mas reunidos com t\u00e9cnico tanto da sa\u00fade como da educa\u00e7\u00e3o, e observando outros modelos que j\u00e1 foram bem sucedidos no mundo, como a Alemanha [\u2026] a abertura pelas idades mais avan\u00e7adas, no caso o ensino m\u00e9dio, tem se mostrado efetivo, porque s\u00e3o crian\u00e7as mais maduras, que aderem mais facilmente aos objetivos de higieniza\u00e7\u00e3o, utiliza\u00e7\u00e3o de m\u00e1scaras \u2013 afirmou.<\/p>\n\n\n\n<p>O Distrito Federal foi o primeiro estado a adotar uma pol\u00edtica de distanciamento mais r\u00edgida, com o fechamento completo do com\u00e9rcio, restaurantes, escolas, al\u00e9m de outras atividades econ\u00f4micas.<\/p>\n\n\n\n<p>Aos poucos, o governo come\u00e7ou a liberar algumas atividades. Est\u00e1 prevista para 3 de maio a abertura de todo o com\u00e9rcio. No entanto, ainda n\u00e3o havia uma previs\u00e3o em rela\u00e7\u00e3o \u00e0 retomada das aulas, tanto do ensino p\u00fablico como particular.<\/p>\n\n\n\n<p>*Folhapress<\/p>\n","protected":false},"excerpt":{"rendered":"<p>O ministro da Sa\u00fade, Nelson Teich, disse nesta quarta-feira (22) que \u00e9 imposs\u00edvel que o pa\u00eds sobreviva a mais de um ano parado e defendeu a constru\u00e7\u00e3o de um \u201cplano de sa\u00edda\u201d do isolamento social junto com estados e munic\u00edpios. O ministro citou o conceito de que 70% da popula\u00e7\u00e3o precisa entrar em contato com [&hellip;]<\/p>\n","protected":false},"author":2,"featured_media":5511,"comment_status":"open","ping_status":"open","sticky":false,"template":"","format":"standard","meta":[],"categories":[6,4],"tags":[],"_links":{"self":[{"href":"https:\/\/dgospel.com.br\/portal\/index.php\/wp-json\/wp\/v2\/posts\/5510"}],"collection":[{"href":"https:\/\/dgospel.com.br\/portal\/index.php\/wp-json\/wp\/v2\/posts"}],"about":[{"href":"https:\/\/dgospel.com.br\/portal\/index.php\/wp-json\/wp\/v2\/types\/post"}],"author":[{"embeddable":true,"href":"https:\/\/dgospel.com.br\/portal\/index.php\/wp-json\/wp\/v2\/users\/2"}],"replies":[{"embeddable":true,"href":"https:\/\/dgospel.com.br\/portal\/index.php\/wp-json\/wp\/v2\/comments?post=5510"}],"version-history":[{"count":1,"href":"https:\/\/dgospel.com.br\/portal\/index.php\/wp-json\/wp\/v2\/posts\/5510\/revisions"}],"predecessor-version":[{"id":5512,"href":"https:\/\/dgospel.com.br\/portal\/index.php\/wp-json\/wp\/v2\/posts\/5510\/revisions\/5512"}],"wp:featuredmedia":[{"embeddable":true,"href":"https:\/\/dgospel.com.br\/portal\/index.php\/wp-json\/wp\/v2\/media\/5511"}],"wp:attachment":[{"href":"https:\/\/dgospel.com.br\/portal\/index.php\/wp-json\/wp\/v2\/media?parent=5510"}],"wp:term":[{"taxonomy":"category","embeddable":true,"href":"https:\/\/dgospel.com.br\/portal\/index.php\/wp-json\/wp\/v2\/categories?post=5510"},{"taxonomy":"post_tag","embeddable":true,"href":"https:\/\/dgospel.com.br\/portal\/index.php\/wp-json\/wp\/v2\/tags?post=5510"}],"curies":[{"name":"wp","href":"https:\/\/api.w.org\/{rel}","templated":true}]}}