{"id":5517,"date":"2020-04-23T19:56:21","date_gmt":"2020-04-23T22:56:21","guid":{"rendered":"http:\/\/dgospel.com.br\/portal\/?p=5517"},"modified":"2020-04-23T23:24:21","modified_gmt":"2020-04-24T02:24:21","slug":"conselho-politico-da-assembleia-de-deus-palmas-centro-escolhe-pr-juarez-rigol-como-pre-candidato-a-vereador","status":"publish","type":"post","link":"https:\/\/dgospel.com.br\/portal\/index.php\/2020\/04\/23\/conselho-politico-da-assembleia-de-deus-palmas-centro-escolhe-pr-juarez-rigol-como-pre-candidato-a-vereador\/","title":{"rendered":"Conselho pol\u00edtico da Assembleia de Deus Palmas centro escolhe Pr. Juarez Rigol como pr\u00e9-candidato a vereador"},"content":{"rendered":"\n<div class=\"wp-block-image\"><figure class=\"alignleft is-resized\"><img loading=\"lazy\" src=\"http:\/\/dgospel.com.br\/portal\/wp-content\/uploads\/2020\/04\/93043209_2866859176683990_2918873552616685568_n-2.jpg\" alt=\"\" class=\"wp-image-5521\" width=\"593\" height=\"362\" srcset=\"https:\/\/dgospel.com.br\/portal\/wp-content\/uploads\/2020\/04\/93043209_2866859176683990_2918873552616685568_n-2.jpg 334w, https:\/\/dgospel.com.br\/portal\/wp-content\/uploads\/2020\/04\/93043209_2866859176683990_2918873552616685568_n-2-300x183.jpg 300w\" sizes=\"(max-width: 593px) 100vw, 593px\" \/><figcaption>Dr.  Juarez Rigol <\/figcaption><\/figure><\/div>\n\n\n\n<p>Com o objetivo de escolher um representante para concorrer a uma cadeira na C\u00e2mara Municipal de Palmas em 2020, a Igreja Assembleia de Deus, minist\u00e9rio Seta, campo Palmas centro, presidida pelo Pastor Ant\u00f4nio Xavier, instituiu um Conselho Pol\u00edtico para fazer um levantamento entre os onze postulantes \u00e0 indica\u00e7\u00e3o.<\/p>\n\n\n\n<p>&nbsp;O processo de sele\u00e7\u00e3o interna foi feito\natrav\u00e9s de avalia\u00e7\u00e3o criteriosa entre a Comiss\u00e3o Pol\u00edtica e os postulantes. A escolha\nfoi definida atrav\u00e9s de pesquisa, formul\u00e1rios e reuni\u00f5es. E o Advogado e Pastor\nJuarez Rigol foi o escolhido entre os demais concorrentes e \u00e9 o pr\u00e9-candidato a\nvereador em Palmas pelo partido AVANTE. <\/p>\n\n\n\n<p>\u201cFico muito honrado em ser o escolhido, para\npr\u00e9-candidato a representar minha institui\u00e7\u00e3o e a sociedade palmense, estando\nconsciente que o Cargo tem seus Encargos, o que aceito com total parcim\u00f4nia e\nsenso de responsabilidade\u201d, disser o pr\u00e9-candidato, Pastor Juarez Rigol<\/p>\n","protected":false},"excerpt":{"rendered":"<p>Com o objetivo de escolher um representante para concorrer a uma cadeira na C\u00e2mara Municipal de Palmas em 2020, a Igreja Assembleia de Deus, minist\u00e9rio Seta, campo Palmas centro, presidida pelo Pastor Ant\u00f4nio Xavier, instituiu um Conselho Pol\u00edtico para fazer um levantamento entre os onze postulantes \u00e0 indica\u00e7\u00e3o. &nbsp;O processo de sele\u00e7\u00e3o interna foi feito [&hellip;]<\/p>\n","protected":false},"author":2,"featured_media":5520,"comment_status":"open","ping_status":"open","sticky":false,"template":"","format":"standard","meta":[],"categories":[5,4],"tags":[],"_links":{"self":[{"href":"https:\/\/dgospel.com.br\/portal\/index.php\/wp-json\/wp\/v2\/posts\/5517"}],"collection":[{"href":"https:\/\/dgospel.com.br\/portal\/index.php\/wp-json\/wp\/v2\/posts"}],"about":[{"href":"https:\/\/dgospel.com.br\/portal\/index.php\/wp-json\/wp\/v2\/types\/post"}],"author":[{"embeddable":true,"href":"https:\/\/dgospel.com.br\/portal\/index.php\/wp-json\/wp\/v2\/users\/2"}],"replies":[{"embeddable":true,"href":"https:\/\/dgospel.com.br\/portal\/index.php\/wp-json\/wp\/v2\/comments?post=5517"}],"version-history":[{"count":4,"href":"https:\/\/dgospel.com.br\/portal\/index.php\/wp-json\/wp\/v2\/posts\/5517\/revisions"}],"predecessor-version":[{"id":5524,"href":"https:\/\/dgospel.com.br\/portal\/index.php\/wp-json\/wp\/v2\/posts\/5517\/revisions\/5524"}],"wp:featuredmedia":[{"embeddable":true,"href":"https:\/\/dgospel.com.br\/portal\/index.php\/wp-json\/wp\/v2\/media\/5520"}],"wp:attachment":[{"href":"https:\/\/dgospel.com.br\/portal\/index.php\/wp-json\/wp\/v2\/media?parent=5517"}],"wp:term":[{"taxonomy":"category","embeddable":true,"href":"https:\/\/dgospel.com.br\/portal\/index.php\/wp-json\/wp\/v2\/categories?post=5517"},{"taxonomy":"post_tag","embeddable":true,"href":"https:\/\/dgospel.com.br\/portal\/index.php\/wp-json\/wp\/v2\/tags?post=5517"}],"curies":[{"name":"wp","href":"https:\/\/api.w.org\/{rel}","templated":true}]}}