{"id":5525,"date":"2020-04-23T23:30:13","date_gmt":"2020-04-24T02:30:13","guid":{"rendered":"http:\/\/dgospel.com.br\/portal\/?p=5525"},"modified":"2020-04-23T23:30:14","modified_gmt":"2020-04-24T02:30:14","slug":"juristas-evangelicos-sugerem-a-governantes-modelo-de-decreto-para-reabertura-de-igrejas","status":"publish","type":"post","link":"https:\/\/dgospel.com.br\/portal\/index.php\/2020\/04\/23\/juristas-evangelicos-sugerem-a-governantes-modelo-de-decreto-para-reabertura-de-igrejas\/","title":{"rendered":"Juristas evang\u00e9licos sugerem a governantes modelo de decreto para reabertura de igrejas"},"content":{"rendered":"\n<p>Na \u00faltima quarta-feira (22), a Associa\u00e7\u00e3o Nacional de Juristas Evang\u00e9licos divulgou um modelo sugerido de Decreto para governadores dos estados brasileiros \u2014 bem como prefeituras \u2014 que considerarem a ado\u00e7\u00e3o de um retorno gradual \u00e0s atividades, especialmente as&nbsp;<strong><a href=\"https:\/\/guiame.com.br\/gospel\/missoes-acao-social\/igrejas-se-oferecem-para-abrigar-moradores-de-rua-e-pessoas-infectadas-pelo-coronavirus.html\">organiza\u00e7\u00f5es religiosas<\/a><\/strong>, ainda em tempos de&nbsp;<strong><a href=\"https:\/\/guiame.com.br\/gospel\/noticias\/numero-de-recuperados-do-coronavirus-e-maior-que-o-de-internados-diz-ministerio-da-saude.html\">pandemia do coronav\u00edrus<\/a>.<\/strong><\/p>\n\n\n\n<p>O modelo de Decreto prop\u00f5e que igrejas e templos de qualquer culto possam retornar gradualmente \u00e0s suas rotinas, por\u00e9m seguindo um padr\u00e3o de cuidados relativos ao distanciamento social e outras medidas sanit\u00e1rias.<\/p>\n\n\n\n<p>Segundo a coordenadora de Departamento Jur\u00eddico da ANAJURE (DAJ), Dra. Ra\u00edssa Martins, a proposta da Associa\u00e7\u00e3o com a divulga\u00e7\u00e3o desse modelo de Decreto se deve ao contexto atual do Brasil no tocante \u00e0 regulamenta\u00e7\u00e3o da liberdade religiosa.<\/p>\n\n\n\n<p>\u201cOs Estados t\u00eam trazido normas muito distintas e, em alguns casos, extrapolado o poder regulamentar, restringindo, desproporcionalmente, o exerc\u00edcio desse direito fundamental\u201d, explicou a jurista.<\/p>\n\n\n\n<p>Ela ainda destacou que oi modelo apresentado pela ANAJURE tem a finalidade de auxiliar os Estados na regulamenta\u00e7\u00e3o da mat\u00e9ria, respeitando a liberdade religiosa, j\u00e1 prevista na Constitui\u00e7\u00e3o Brasileira.<\/p>\n\n\n\n<p>As medidas sugeridas no documento s\u00e3o:<\/p>\n\n\n\n<p>I \u2013 disponibilizar prepara\u00e7\u00f5es alco\u00f3licas a 70% (setenta por cento) para higieniza\u00e7\u00e3o das m\u00e3os, principalmente nos pontos de maior circula\u00e7\u00e3o de pessoas;<\/p>\n\n\n\n<p>II \u2013 intensificar a limpeza das superf\u00edcies dos ambientes com detergente neutro (quando o material da superf\u00edcie permitir), e, ap\u00f3s, desinfeccionar com \u00e1lcool 70% (setenta por cento) ou solu\u00e7\u00e3o de \u00e1gua sanit\u00e1ria 1% (um por cento), ou outro desinfetante autorizado pelo Minist\u00e9rio da Sa\u00fade, conforme o tipo de material;<\/p>\n\n\n\n<p>III \u2013 desinfetar com \u00e1lcool 70% (setenta por cento) os locais e objetos frequentemente tocados como: ma\u00e7anetas, interruptores, janelas, telefones, instrumentos musicais, computador, corrim\u00f5es, controle remoto, elevadores e outros;<\/p>\n\n\n\n<p>IV \u2013 disponibilizar e instruir sobre locais para a lavagem adequada das m\u00e3os: pia, \u00e1gua, sab\u00e3o l\u00edquido, papel toalha no devido suporte e lixeiras com tampa e acionamento de pedal;<\/p>\n\n\n\n<p>V \u2013 estimular o uso individual de materiais e equipamentos e, quando necess\u00e1rio, fornec\u00ea-los em n\u00famero suficiente para que n\u00e3o seja necess\u00e1rio o compartilhamento;<\/p>\n\n\n\n<p>VI \u2013 manter locais de circula\u00e7\u00e3o e \u00e1reas comuns com os sistemas de ar-condicionado limpos (filtros e dutos);<\/p>\n\n\n\n<p>VII \u2013 manter os ambientes arejados por ventila\u00e7\u00e3o natural (portas e janelas abertas) sempre que poss\u00edvel;<\/p>\n\n\n\n<p>VIII \u2013 respeitar o afastamento m\u00ednimo de 1,5m (um metro e meio) entre os frequentadores, membros e visitantes de n\u00facleos fam\u00edlias diferentes;<\/p>\n\n\n\n<p>IX- evitar contato f\u00edsico entre as pessoas, ainda que seja para prestar servi\u00e7os religiosos;<\/p>\n\n\n\n<p>X \u2013 orientar o n\u00e3o acesso de pessoas de grupo de risco ao estabelecimento;<\/p>\n\n\n\n<p>XI \u2013 disponibilizar aos frequentadores, ministros, obreiros e servidores m\u00e1scara de prote\u00e7\u00e3o facial;<\/p>\n\n\n\n<p>XII \u2013 fornecer orienta\u00e7\u00f5es sanit\u00e1rias b\u00e1sicas impressas, para a conten\u00e7\u00e3o de riscos, aos frequentadores;<\/p>\n\n\n\n<p>XIII \u2013 os obreiros e servidores devem ser instru\u00eddos a observar as determina\u00e7\u00f5es das autoridades sanit\u00e1rias para a conten\u00e7\u00e3o de riscos, especialmente quando houver atendimento \u00e0 popula\u00e7\u00e3o;<\/p>\n\n\n\n<p>XIV \u2013 limitar a entrada de indiv\u00edduos em at\u00e9 50% (cinquenta por cento) da capacidade m\u00e1xima do estabelecimento religioso;<\/p>\n\n\n\n<p>XV \u2013 havendo consumo de alimentos, manter a dist\u00e2ncia m\u00ednima entre os presentes, evitar a utiliza\u00e7\u00e3o dos servi\u00e7os de autoatendimento e o compartilhamento de utens\u00edlios e disponibilizar locais para a lavagem adequada das m\u00e3os;<\/p>\n\n\n\n<p>XVI \u2013 implementar medidas para impedir a aglomera\u00e7\u00e3o desordenada, inclusive no ambiente externo;<\/p>\n\n\n\n<p>XVII \u2013 realizar celebra\u00e7\u00f5es religiosas em hor\u00e1rios alternados e intervalos entre elas de, no m\u00ednimo duas horas, de modo que n\u00e3o haja aglomera\u00e7\u00f5es interna e nas proximidades dos estabelecimentos religiosos.<\/p>\n\n\n\n<p>O Diretor Executivo da ANAJURE, Dr. Felipe Augusto destacou que as medidas sugeridas s\u00e3o tempor\u00e1rias e visam regular o per\u00edodo destinado \u00e0 normaliza\u00e7\u00e3o gradual das atividades.<\/p>\n\n\n\n<p>Ele tamb\u00e9m lembrou que o Decreto-modelo traz medidas que n\u00e3o violam a liberdade religiosa, ao passo que acomoda as exig\u00eancias e recomenda\u00e7\u00f5es sanit\u00e1rias relativos a esta pandemia.<\/p>\n\n\n\n<p>Para fazer o download do documento com o &#8216;decreto-modelo&#8217; na \u00edntegra, clique\u00a0<strong><a rel=\"noreferrer noopener\" href=\"https:\/\/anajure.org.br\/wp-content\/uploads\/2020\/04\/decreto-modelo-coronavirus-estados.pdf\" target=\"_blank\">aqui<\/a><\/strong>.<\/p>\n\n\n\n<p>\n\nFONTE: GUIAME, COM INFORMA\u00c7\u00d5ES DA ANAJURE\n\n<\/p>\n","protected":false},"excerpt":{"rendered":"<p>Na \u00faltima quarta-feira (22), a Associa\u00e7\u00e3o Nacional de Juristas Evang\u00e9licos divulgou um modelo sugerido de Decreto para governadores dos estados brasileiros \u2014 bem como prefeituras \u2014 que considerarem a ado\u00e7\u00e3o de um retorno gradual \u00e0s atividades, especialmente as&nbsp;organiza\u00e7\u00f5es religiosas, ainda em tempos de&nbsp;pandemia do coronav\u00edrus. O modelo de Decreto prop\u00f5e que igrejas e templos de [&hellip;]<\/p>\n","protected":false},"author":2,"featured_media":5526,"comment_status":"open","ping_status":"open","sticky":false,"template":"","format":"standard","meta":[],"categories":[5,6,4],"tags":[],"_links":{"self":[{"href":"https:\/\/dgospel.com.br\/portal\/index.php\/wp-json\/wp\/v2\/posts\/5525"}],"collection":[{"href":"https:\/\/dgospel.com.br\/portal\/index.php\/wp-json\/wp\/v2\/posts"}],"about":[{"href":"https:\/\/dgospel.com.br\/portal\/index.php\/wp-json\/wp\/v2\/types\/post"}],"author":[{"embeddable":true,"href":"https:\/\/dgospel.com.br\/portal\/index.php\/wp-json\/wp\/v2\/users\/2"}],"replies":[{"embeddable":true,"href":"https:\/\/dgospel.com.br\/portal\/index.php\/wp-json\/wp\/v2\/comments?post=5525"}],"version-history":[{"count":1,"href":"https:\/\/dgospel.com.br\/portal\/index.php\/wp-json\/wp\/v2\/posts\/5525\/revisions"}],"predecessor-version":[{"id":5527,"href":"https:\/\/dgospel.com.br\/portal\/index.php\/wp-json\/wp\/v2\/posts\/5525\/revisions\/5527"}],"wp:featuredmedia":[{"embeddable":true,"href":"https:\/\/dgospel.com.br\/portal\/index.php\/wp-json\/wp\/v2\/media\/5526"}],"wp:attachment":[{"href":"https:\/\/dgospel.com.br\/portal\/index.php\/wp-json\/wp\/v2\/media?parent=5525"}],"wp:term":[{"taxonomy":"category","embeddable":true,"href":"https:\/\/dgospel.com.br\/portal\/index.php\/wp-json\/wp\/v2\/categories?post=5525"},{"taxonomy":"post_tag","embeddable":true,"href":"https:\/\/dgospel.com.br\/portal\/index.php\/wp-json\/wp\/v2\/tags?post=5525"}],"curies":[{"name":"wp","href":"https:\/\/api.w.org\/{rel}","templated":true}]}}