{"id":5528,"date":"2020-04-23T23:35:25","date_gmt":"2020-04-24T02:35:25","guid":{"rendered":"http:\/\/dgospel.com.br\/portal\/?p=5528"},"modified":"2020-04-23T23:35:27","modified_gmt":"2020-04-24T02:35:27","slug":"bolsonaro-sobre-aborto-no-brasil-nao-havera","status":"publish","type":"post","link":"https:\/\/dgospel.com.br\/portal\/index.php\/2020\/04\/23\/bolsonaro-sobre-aborto-no-brasil-nao-havera\/","title":{"rendered":"Bolsonaro sobre aborto no Brasil: \u201cN\u00e3o haver\u00e1\u201d"},"content":{"rendered":"\n<p>Nesta quinta-feira (23), o presidente Jair Bolsonaro disse que enquanto for presidente n\u00e3o haver\u00e1 aborto no Brasil. A declara\u00e7\u00e3o dele foi em resposta a um pedido que ouviu no momento em que parou para cumprimentar apoiadores ao sair do Pal\u00e1cio da Alvorada.<\/p>\n\n\n\n<p>Ele ouviu um coral de crian\u00e7as, que foi levado at\u00e9 o local pelo padre polon\u00eas Pedro Stepien. O grupo cantou m\u00fasicas religiosas e pediu que ele impe\u00e7a o aborto.<\/p>\n\n\n\n<p>\u2013 Senhor presidente, temos um pedido para o senhor: defenda nossos coleguinhas. N\u00e3o queremos aborto \u2013 falaram os integrantes do coral.<\/p>\n\n\n\n<p>Diante da solicita\u00e7\u00e3o, Bolsonaro garantiu que n\u00e3o permitir\u00e1 a morte de fetos.<\/p>\n\n\n\n<p>\u2013 Enquanto eu for presidente, n\u00e3o haver\u00e1 \u2013 afirmou.<\/p>\n\n\n\n<p>Ele tamb\u00e9m disse que foi bom come\u00e7ar o dia ouvindo as can\u00e7\u00f5es entoadas pelo grupo.<\/p>\n\n\n\n<p>O presidente do Supremo Tribunal Federal (STF), Dias Toffoli, marcou para sexta-feira (24) o julgamento da descriminaliza\u00e7\u00e3o do aborto para casos de gr\u00e1vidas infectadas pelo zika v\u00edrus.<\/p>\n","protected":false},"excerpt":{"rendered":"<p>Nesta quinta-feira (23), o presidente Jair Bolsonaro disse que enquanto for presidente n\u00e3o haver\u00e1 aborto no Brasil. A declara\u00e7\u00e3o dele foi em resposta a um pedido que ouviu no momento em que parou para cumprimentar apoiadores ao sair do Pal\u00e1cio da Alvorada. Ele ouviu um coral de crian\u00e7as, que foi levado at\u00e9 o local pelo [&hellip;]<\/p>\n","protected":false},"author":2,"featured_media":5529,"comment_status":"open","ping_status":"open","sticky":false,"template":"","format":"standard","meta":[],"categories":[6,4],"tags":[],"_links":{"self":[{"href":"https:\/\/dgospel.com.br\/portal\/index.php\/wp-json\/wp\/v2\/posts\/5528"}],"collection":[{"href":"https:\/\/dgospel.com.br\/portal\/index.php\/wp-json\/wp\/v2\/posts"}],"about":[{"href":"https:\/\/dgospel.com.br\/portal\/index.php\/wp-json\/wp\/v2\/types\/post"}],"author":[{"embeddable":true,"href":"https:\/\/dgospel.com.br\/portal\/index.php\/wp-json\/wp\/v2\/users\/2"}],"replies":[{"embeddable":true,"href":"https:\/\/dgospel.com.br\/portal\/index.php\/wp-json\/wp\/v2\/comments?post=5528"}],"version-history":[{"count":1,"href":"https:\/\/dgospel.com.br\/portal\/index.php\/wp-json\/wp\/v2\/posts\/5528\/revisions"}],"predecessor-version":[{"id":5530,"href":"https:\/\/dgospel.com.br\/portal\/index.php\/wp-json\/wp\/v2\/posts\/5528\/revisions\/5530"}],"wp:featuredmedia":[{"embeddable":true,"href":"https:\/\/dgospel.com.br\/portal\/index.php\/wp-json\/wp\/v2\/media\/5529"}],"wp:attachment":[{"href":"https:\/\/dgospel.com.br\/portal\/index.php\/wp-json\/wp\/v2\/media?parent=5528"}],"wp:term":[{"taxonomy":"category","embeddable":true,"href":"https:\/\/dgospel.com.br\/portal\/index.php\/wp-json\/wp\/v2\/categories?post=5528"},{"taxonomy":"post_tag","embeddable":true,"href":"https:\/\/dgospel.com.br\/portal\/index.php\/wp-json\/wp\/v2\/tags?post=5528"}],"curies":[{"name":"wp","href":"https:\/\/api.w.org\/{rel}","templated":true}]}}