{"id":5531,"date":"2020-04-23T23:48:49","date_gmt":"2020-04-24T02:48:49","guid":{"rendered":"http:\/\/dgospel.com.br\/portal\/?p=5531"},"modified":"2020-04-23T23:48:50","modified_gmt":"2020-04-24T02:48:50","slug":"df-michelle-leva-doacoes-para-familias-vulneraveis","status":"publish","type":"post","link":"https:\/\/dgospel.com.br\/portal\/index.php\/2020\/04\/23\/df-michelle-leva-doacoes-para-familias-vulneraveis\/","title":{"rendered":"DF: Michelle leva doa\u00e7\u00f5es para fam\u00edlias vulner\u00e1veis"},"content":{"rendered":"\n<p>Nesta quita-feira (23), primeira-dama do Brasil, Michelle Bolsonaro, participou de uma entrega de cestas b\u00e1sicas, no Distrito Federal. Em uma rede social, ela divulgou fotos e falou sobre a a\u00e7\u00e3o.<\/p>\n\n\n\n<p>\u2013 Hoje, participei com a Funda\u00e7\u00e3o Banco do Brasil da entrega de cestas b\u00e1sicas no Sol Nascente (DF). A FBB contemplou com doa\u00e7\u00e3o a ONG \u2018M\u00e3os Solid\u00e1rias\u2019, que atende fam\u00edlias em situa\u00e7\u00e3o de vulnerabilidade social desde 2013 \u2013 escreveu.<\/p>\n\n\n\n<p>Na publica\u00e7\u00e3o, ela falou ainda sobre a emo\u00e7\u00e3o de ter levado ajuda aos necessitados.<\/p>\n\n\n\n<p>\u2013 Foi um orgulho ser madrinha dessa iniciativa. O momento foi muito especial. Parab\u00e9ns \u00e0 Funda\u00e7\u00e3o pelo cora\u00e7\u00e3o solid\u00e1rio e \u00e0 ONG \u2018M\u00e3os Solid\u00e1rias\u2019 pelo lindo trabalho \u2013 concluiu.<\/p>\n","protected":false},"excerpt":{"rendered":"<p>Nesta quita-feira (23), primeira-dama do Brasil, Michelle Bolsonaro, participou de uma entrega de cestas b\u00e1sicas, no Distrito Federal. Em uma rede social, ela divulgou fotos e falou sobre a a\u00e7\u00e3o. \u2013 Hoje, participei com a Funda\u00e7\u00e3o Banco do Brasil da entrega de cestas b\u00e1sicas no Sol Nascente (DF). A FBB contemplou com doa\u00e7\u00e3o a ONG [&hellip;]<\/p>\n","protected":false},"author":2,"featured_media":5532,"comment_status":"open","ping_status":"open","sticky":false,"template":"","format":"standard","meta":[],"categories":[5,6],"tags":[],"_links":{"self":[{"href":"https:\/\/dgospel.com.br\/portal\/index.php\/wp-json\/wp\/v2\/posts\/5531"}],"collection":[{"href":"https:\/\/dgospel.com.br\/portal\/index.php\/wp-json\/wp\/v2\/posts"}],"about":[{"href":"https:\/\/dgospel.com.br\/portal\/index.php\/wp-json\/wp\/v2\/types\/post"}],"author":[{"embeddable":true,"href":"https:\/\/dgospel.com.br\/portal\/index.php\/wp-json\/wp\/v2\/users\/2"}],"replies":[{"embeddable":true,"href":"https:\/\/dgospel.com.br\/portal\/index.php\/wp-json\/wp\/v2\/comments?post=5531"}],"version-history":[{"count":1,"href":"https:\/\/dgospel.com.br\/portal\/index.php\/wp-json\/wp\/v2\/posts\/5531\/revisions"}],"predecessor-version":[{"id":5533,"href":"https:\/\/dgospel.com.br\/portal\/index.php\/wp-json\/wp\/v2\/posts\/5531\/revisions\/5533"}],"wp:featuredmedia":[{"embeddable":true,"href":"https:\/\/dgospel.com.br\/portal\/index.php\/wp-json\/wp\/v2\/media\/5532"}],"wp:attachment":[{"href":"https:\/\/dgospel.com.br\/portal\/index.php\/wp-json\/wp\/v2\/media?parent=5531"}],"wp:term":[{"taxonomy":"category","embeddable":true,"href":"https:\/\/dgospel.com.br\/portal\/index.php\/wp-json\/wp\/v2\/categories?post=5531"},{"taxonomy":"post_tag","embeddable":true,"href":"https:\/\/dgospel.com.br\/portal\/index.php\/wp-json\/wp\/v2\/tags?post=5531"}],"curies":[{"name":"wp","href":"https:\/\/api.w.org\/{rel}","templated":true}]}}