{"id":5534,"date":"2020-04-24T12:15:18","date_gmt":"2020-04-24T15:15:18","guid":{"rendered":"http:\/\/dgospel.com.br\/portal\/?p=5534"},"modified":"2020-04-24T12:15:20","modified_gmt":"2020-04-24T15:15:20","slug":"em-pronunciamento-moro-pede-demissao-do-governo","status":"publish","type":"post","link":"https:\/\/dgospel.com.br\/portal\/index.php\/2020\/04\/24\/em-pronunciamento-moro-pede-demissao-do-governo\/","title":{"rendered":"Em pronunciamento, Moro pede demiss\u00e3o do governo"},"content":{"rendered":"\n<p> Em um pronunciamento realizado na manh\u00e3 desta sexta-feira (24), no audit\u00f3rio do Minist\u00e9rio da Justi\u00e7a e Seguran\u00e7a P\u00fablica (MJSP), em Bras\u00edlia, o ministro Sergio Moro decidiu que vai deixar o governo federal. <\/p>\n\n\n\n<p>A decis\u00e3o tomada pelo ministro ainda deve ser oficializada no Di\u00e1rio Oficial da Uni\u00e3o. Durante sua fala, ele destacou alguns pontos de destaque durante sua gest\u00e3o na pasta, como o pacote anticrime e estrat\u00e9gias que reduziram os n\u00fameros da criminalidade pelo pa\u00eds.<\/p>\n\n\n\n<p>\u2013 N\u00e3o houve um combate t\u00e3o efetivo contra a criminalidade como houve nessa gest\u00e3o do MJSP. Tivemos n\u00fameros expressivos de apreens\u00e3o de produto do crime. Buscamos fortalecer a Pol\u00edcia Federal e a Pol\u00edcia Rodovi\u00e1ria Federal neste per\u00edodo \u2013 disse.<\/p>\n\n\n\n<p>Durante o pronunciamento, Moro falou sobre a mudan\u00e7a no cargo de diretor-geral da Pol\u00edcia Federal, com a sa\u00edda de Maur\u00edcio Valeixo. Ele afirmou que n\u00e3o permitiria a troca se ela fosse motivada pelo que ele chamou de \u201cinterfer\u00eancia pol\u00edtica\u201d.<\/p>\n\n\n\n<p>\u2013 O grande problema \u00e9 por que trocar e permitir que seja feita interfer\u00eancia pol\u00edtica no \u00e2mbito da PF. O presidente me disse que queria colocar uma pessoa dele, que ele pudesse colher informa\u00e7\u00f5es, relat\u00f3rios de intelig\u00eancia. Realmente, n\u00e3o \u00e9 papel da PF prestar esse tipo de informa\u00e7\u00e3o \u2013 disse.<\/p>\n\n\n\n<p>O agora ex-ministro tamb\u00e9m afirmou n\u00e3o ter assinado o decreto de sa\u00edda do superintendente.<\/p>\n\n\n\n<p>\u2013 Eu n\u00e3o assinei esse decreto e em nenhum momento o diretor da PF apresentou um pedido oficial de exonera\u00e7\u00e3o \u2013 declarou.<\/p>\n\n\n\n<p>Moro tamb\u00e9m declarou que recebeu carta branca para atuar no comando do Minist\u00e9rio da Justi\u00e7a e que a \u00fanica condi\u00e7\u00e3o que colocou quando foi convidado para o cargo foi de que sua fam\u00edlia fosse protegida.<\/p>\n\n\n\n<p>\u2013 Tem uma \u00fanica condi\u00e7\u00e3o que coloquei. Eu n\u00e3o ia revelar, mas agora isso n\u00e3o faz sentido. Eu disse que, como estava saindo da magistratura, contribu\u00ed durante 22 anos, pedi que, se algo me acontecesse, que minha fam\u00edlia n\u00e3o ficasse desamparada \u2013 apontou.<\/p>\n\n\n\n<p>Moro assumiu o cargo no in\u00edcio do governo do presidente Jair Bolsonaro, ap\u00f3s atuar como juiz na 13\u00aa Vara Criminal Federal em Curitiba, no Paran\u00e1, respons\u00e1vel pelo julgamento dos r\u00e9us da Opera\u00e7\u00e3o Lava Jato.<\/p>\n\n\n\n<p>O agora ex-ministro falou que, ap\u00f3s a sa\u00edda, pretende descansar dos 22 anos de trabalho como magistrado, que pretende procurar um novo emprego em breve e que est\u00e1 \u00e0 disposi\u00e7\u00e3o do pa\u00eds.<\/p>\n","protected":false},"excerpt":{"rendered":"<p>Em um pronunciamento realizado na manh\u00e3 desta sexta-feira (24), no audit\u00f3rio do Minist\u00e9rio da Justi\u00e7a e Seguran\u00e7a P\u00fablica (MJSP), em Bras\u00edlia, o ministro Sergio Moro decidiu que vai deixar o governo federal. A decis\u00e3o tomada pelo ministro ainda deve ser oficializada no Di\u00e1rio Oficial da Uni\u00e3o. Durante sua fala, ele destacou alguns pontos de destaque [&hellip;]<\/p>\n","protected":false},"author":2,"featured_media":5535,"comment_status":"open","ping_status":"open","sticky":false,"template":"","format":"standard","meta":[],"categories":[6,4],"tags":[],"_links":{"self":[{"href":"https:\/\/dgospel.com.br\/portal\/index.php\/wp-json\/wp\/v2\/posts\/5534"}],"collection":[{"href":"https:\/\/dgospel.com.br\/portal\/index.php\/wp-json\/wp\/v2\/posts"}],"about":[{"href":"https:\/\/dgospel.com.br\/portal\/index.php\/wp-json\/wp\/v2\/types\/post"}],"author":[{"embeddable":true,"href":"https:\/\/dgospel.com.br\/portal\/index.php\/wp-json\/wp\/v2\/users\/2"}],"replies":[{"embeddable":true,"href":"https:\/\/dgospel.com.br\/portal\/index.php\/wp-json\/wp\/v2\/comments?post=5534"}],"version-history":[{"count":1,"href":"https:\/\/dgospel.com.br\/portal\/index.php\/wp-json\/wp\/v2\/posts\/5534\/revisions"}],"predecessor-version":[{"id":5536,"href":"https:\/\/dgospel.com.br\/portal\/index.php\/wp-json\/wp\/v2\/posts\/5534\/revisions\/5536"}],"wp:featuredmedia":[{"embeddable":true,"href":"https:\/\/dgospel.com.br\/portal\/index.php\/wp-json\/wp\/v2\/media\/5535"}],"wp:attachment":[{"href":"https:\/\/dgospel.com.br\/portal\/index.php\/wp-json\/wp\/v2\/media?parent=5534"}],"wp:term":[{"taxonomy":"category","embeddable":true,"href":"https:\/\/dgospel.com.br\/portal\/index.php\/wp-json\/wp\/v2\/categories?post=5534"},{"taxonomy":"post_tag","embeddable":true,"href":"https:\/\/dgospel.com.br\/portal\/index.php\/wp-json\/wp\/v2\/tags?post=5534"}],"curies":[{"name":"wp","href":"https:\/\/api.w.org\/{rel}","templated":true}]}}