{"id":5537,"date":"2020-04-24T12:26:00","date_gmt":"2020-04-24T15:26:00","guid":{"rendered":"http:\/\/dgospel.com.br\/portal\/?p=5537"},"modified":"2020-04-24T12:26:01","modified_gmt":"2020-04-24T15:26:01","slug":"veja-os-mais-cotados-para-assumir-lugar-de-sergio-moro","status":"publish","type":"post","link":"https:\/\/dgospel.com.br\/portal\/index.php\/2020\/04\/24\/veja-os-mais-cotados-para-assumir-lugar-de-sergio-moro\/","title":{"rendered":"Veja os mais cotados para assumir lugar de Sergio Moro"},"content":{"rendered":"\n<p> Com a sa\u00edda do ministro Sergio Moro do Minist\u00e9rio da Justi\u00e7a e Seguran\u00e7a P\u00fablica, o chefe da Secretaria-Geral, Jorge Oliveira, passou a ser um dos mais cotados para substitu\u00ed-lo.<\/p>\n\n\n\n<p>Num cen\u00e1rio ainda incerto, um dos desenhos no Pal\u00e1cio do Planalto \u00e9 de que haja a cis\u00e3o de Justi\u00e7a e Seguran\u00e7a P\u00fablica, desejo antigo do presidente Jair Bolsonaro (sem partido).<\/p>\n\n\n\n<p>Se isso se confirmar, a probabilidade maior \u00e9 que Jorge assuma Seguran\u00e7a P\u00fablica por ser policial militar da reserva do Distrito Federal. H\u00e1, contudo, uma possibilidade e que ele v\u00e1 para Justi\u00e7a, mas considerada menor.<\/p>\n\n\n\n<p>J\u00e1 para a Justi\u00e7a, o nome mais forte \u00e9 o do secret\u00e1rio de Seguran\u00e7a P\u00fablica do Distrito Federal, Anderson Torres, que tem se aproximado de Bolsonaro. Lateralmente, h\u00e1 uma possibilidade de o ex-deputado Alberto Fraga (DEM-DF) ser escolhido.<\/p>\n\n\n\n<p>Fraga, que \u00e9 amigo pessoal do presidente, poderia ainda ser indicado para a Secretaria-Geral, no lugar de Jorge. Com isso, o governo ganha um pol\u00edtico no Planalto para auxiliar na articula\u00e7\u00e3o com o Congresso. Hoje, h\u00e1 apenas militares nas quatro pastas que ficam no pr\u00e9dio da Presid\u00eancia.<\/p>\n\n\n\n<p>Essas mudan\u00e7as foram tratadas pelo presidente com o governo do Distrito Federal, Ibaneis Rocha (MDB), que esteve no Planalto na \u00faltima quarta-feira (22).<\/p>\n\n\n\n<p>Foi por esse motivo que Rocha evitou assinar documento dos governadores contra Bolsonaro esta semana e mostrou-se alinhado ao governo, inclusive participando de entrevista coletiva di\u00e1ria que normalmente \u00e9 feita apenas por ministros.<\/p>\n\n\n\n<p>No Planalto, militares e nomes como Andr\u00e9 Mendon\u00e7a, advogado-geral da Uni\u00e3o, tentaram impedir que o ministro deixasse o governo, mas o esfor\u00e7o foi em v\u00e3o.<\/p>\n\n\n\n<p>Moro ficou incomodado com a exonera\u00e7\u00e3o de Maur\u00edcio Valeixo do cargo de diretor-geral da Pol\u00edcia Federal, \u00f3rg\u00e3o subordinado administrativamente \u00e0 Justi\u00e7a.<\/p>\n\n\n\n<p>O fatiamento de Justi\u00e7a e Seguran\u00e7a P\u00fablica \u00e9 um desejo antigo do presidente e Moro \u00e9 visto como um empecilho para que isso aconte\u00e7a.<\/p>\n\n\n\n<p>O estremecimento na rela\u00e7\u00e3o dele com o presidente, em outros momentos, passou por esse ponto.<\/p>\n\n\n\n<p>Oliveira \u00e9 da reserva da Policia Militar do Distrito Federal e homem de confian\u00e7a pessoal de Bolsonaro. Formado em direito, ele \u00e9 tamb\u00e9m visto por Bolsonaro como candidato a uma vaga no STF (Supremo Tribunal Federal).<\/p>\n\n\n\n<p>Indic\u00e1-lo para o lugar de Moro seria uma solu\u00e7\u00e3o caseira e que atende os pr\u00e9-requisitos que agradam Bolsonaro: discri\u00e7\u00e3o e alinhamento ideol\u00f3gico e hier\u00e1rquico.<\/p>\n\n\n\n<p>Oliveira come\u00e7ou no governo como subchefe de assuntos jur\u00eddicos e em menos de um ano virou ministro.<\/p>\n\n\n\n<p>Ele esteve \u00e0 frente de decretos considerados caros ao presidente, como o de flexibiliza\u00e7\u00e3o ao porte e \u00e0 posse de armas.<\/p>\n","protected":false},"excerpt":{"rendered":"<p>Com a sa\u00edda do ministro Sergio Moro do Minist\u00e9rio da Justi\u00e7a e Seguran\u00e7a P\u00fablica, o chefe da Secretaria-Geral, Jorge Oliveira, passou a ser um dos mais cotados para substitu\u00ed-lo. Num cen\u00e1rio ainda incerto, um dos desenhos no Pal\u00e1cio do Planalto \u00e9 de que haja a cis\u00e3o de Justi\u00e7a e Seguran\u00e7a P\u00fablica, desejo antigo do presidente [&hellip;]<\/p>\n","protected":false},"author":2,"featured_media":5538,"comment_status":"open","ping_status":"open","sticky":false,"template":"","format":"standard","meta":[],"categories":[6,4],"tags":[],"_links":{"self":[{"href":"https:\/\/dgospel.com.br\/portal\/index.php\/wp-json\/wp\/v2\/posts\/5537"}],"collection":[{"href":"https:\/\/dgospel.com.br\/portal\/index.php\/wp-json\/wp\/v2\/posts"}],"about":[{"href":"https:\/\/dgospel.com.br\/portal\/index.php\/wp-json\/wp\/v2\/types\/post"}],"author":[{"embeddable":true,"href":"https:\/\/dgospel.com.br\/portal\/index.php\/wp-json\/wp\/v2\/users\/2"}],"replies":[{"embeddable":true,"href":"https:\/\/dgospel.com.br\/portal\/index.php\/wp-json\/wp\/v2\/comments?post=5537"}],"version-history":[{"count":1,"href":"https:\/\/dgospel.com.br\/portal\/index.php\/wp-json\/wp\/v2\/posts\/5537\/revisions"}],"predecessor-version":[{"id":5539,"href":"https:\/\/dgospel.com.br\/portal\/index.php\/wp-json\/wp\/v2\/posts\/5537\/revisions\/5539"}],"wp:featuredmedia":[{"embeddable":true,"href":"https:\/\/dgospel.com.br\/portal\/index.php\/wp-json\/wp\/v2\/media\/5538"}],"wp:attachment":[{"href":"https:\/\/dgospel.com.br\/portal\/index.php\/wp-json\/wp\/v2\/media?parent=5537"}],"wp:term":[{"taxonomy":"category","embeddable":true,"href":"https:\/\/dgospel.com.br\/portal\/index.php\/wp-json\/wp\/v2\/categories?post=5537"},{"taxonomy":"post_tag","embeddable":true,"href":"https:\/\/dgospel.com.br\/portal\/index.php\/wp-json\/wp\/v2\/tags?post=5537"}],"curies":[{"name":"wp","href":"https:\/\/api.w.org\/{rel}","templated":true}]}}