{"id":5541,"date":"2020-04-25T21:09:51","date_gmt":"2020-04-26T00:09:51","guid":{"rendered":"http:\/\/dgospel.com.br\/portal\/?p=5541"},"modified":"2020-04-25T21:09:52","modified_gmt":"2020-04-26T00:09:52","slug":"zambelli-sobre-moro-nao-ha-raiva-mas-decepcao-e-magoa","status":"publish","type":"post","link":"https:\/\/dgospel.com.br\/portal\/index.php\/2020\/04\/25\/zambelli-sobre-moro-nao-ha-raiva-mas-decepcao-e-magoa\/","title":{"rendered":"Zambelli sobre Moro: \u201cN\u00e3o h\u00e1 raiva, mas decep\u00e7\u00e3o e m\u00e1goa\u201d"},"content":{"rendered":"\n<p> Ap\u00f3s o ex-ministro da Justi\u00e7a e Seguran\u00e7a P\u00fablica, Sergio Moro, ter enviado imagens de conversas para a TV Globo, a deputada federal Carla Zambelli (PSL-SP), uma das que aparece nos di\u00e1logos, criticou a atitude e disse que sentiu \u201cdecep\u00e7\u00e3o e m\u00e1goa\u201d com a atitude de seu padrinho de casamento. <\/p>\n\n\n\n<p>A declara\u00e7\u00e3o foi feita em uma carta aberta divulgada pela parlamentar.<\/p>\n\n\n\n<p>Zambelli apareceu em uma conversa com Moro no Jornal Nacional desta sexta-feira (24) horas depois do ex-ministro pedir demiss\u00e3o do governo e acusar o presidente Jair Bolsonaro de interferir na Pol\u00edcia Federal (PF). No di\u00e1logo, a deputada fala sobre a vaga no Supremo Tribunal Federal (STF) e Moro diz n\u00e3o estar \u00e0 venda.<\/p>\n\n\n\n<p>Ao comentar o di\u00e1logo, Carla afirmou que a \u201csugest\u00e3o feita, ainda na quinta-feira, ao ent\u00e3o ministro era a de que eu pudesse conversar com o presidente da Rep\u00fablica para tentar sugerir o nome de S\u00e9rgio Moro para o STF, uma vez que milh\u00f5es de brasileiros, inclusive eu, no passado, j\u00e1 se posicionaram favor\u00e1veis nesse sentido, e ele nunca negou o interesse em ser indicado\u201d.<\/p>\n\n\n\n<p>Sobre a atitude de Moro, a deputada disse que \u201cfica o questionamento para um homem ao qual eu e meu marido t\u00ednhamos o maior respeito e admira\u00e7\u00e3o, tanto que foi nosso padrinho de casamento: Ex-ministro, a resposta que o Sr deu e o print foram friamente calculados para me expor depois?\u201d.<\/p>\n\n\n\n<p>Neste s\u00e1bado (25), a parlamentar enviou outros trechos das conversa \u00e0 CNN Brasil.<\/p>\n\n\n\n<figure class=\"wp-block-image\"><img loading=\"lazy\" width=\"354\" height=\"635\" src=\"http:\/\/dgospel.com.br\/portal\/wp-content\/uploads\/2020\/04\/001.jpg\" alt=\"\" class=\"wp-image-5542\" srcset=\"https:\/\/dgospel.com.br\/portal\/wp-content\/uploads\/2020\/04\/001.jpg 354w, https:\/\/dgospel.com.br\/portal\/wp-content\/uploads\/2020\/04\/001-167x300.jpg 167w\" sizes=\"(max-width: 354px) 100vw, 354px\" \/><\/figure>\n\n\n\n<p><em><strong>Veja a carta de Carla Zambelli:<\/strong><\/em><\/p>\n\n\n\n<p><em>A respeito do vazamento da conversa privada feita pelo ex-ministro S\u00e9rgio Moro comigo, deputada Carla Zambelli, para o Jornal Nacional, venho a p\u00fablico afirmar:<\/em><\/p>\n\n\n\n<p><em>\u2013 Uma vez dito que: os 57 milh\u00f5es de votos que Bolsonaro obteve n\u00e3o carregam qualquer apoio de S\u00e9rgio Moro, que sequer estava no jogo \u00e0 \u00e9poca da campanha eleitoral;<\/em><\/p>\n\n\n\n<p><em>\u2013 Que meu apoio n\u00e3o muda h\u00e1 anos em rela\u00e7\u00e3o ao PR Jair Bolsonaro, e que assim permanecerei, leal:<\/em><\/p>\n\n\n\n<p><em>\u2013 N\u00e3o se vazam conversas privativas. Principalmente quando h\u00e1 la\u00e7os entre estas pessoas.<\/em><\/p>\n\n\n\n<p><em>\u2013 Eu sempre defendi os ideais tanto de Bolsonaro, como de Moro, por quem j\u00e1 fui presa e denunciada pela Pol\u00edcia Federal, o que, inclusive, falo nos prints divulgados e no contexto geral da conversa.<\/em><\/p>\n\n\n\n<p><em>\u2013 A sugest\u00e3o feita, ainda na quinta-feira (23), ao ent\u00e3o ministro era a de que eu pudesse conversar com o presidente da Rep\u00fablica para tentar sugerir o nome de S\u00e9rgio Moro para o STF, uma vez que milh\u00f5es de brasileiros, inclusive eu, no passado, j\u00e1 se posicionaram favor\u00e1veis nesse sentido, e ele nunca negou o interesse em ser indicado.<\/em><\/p>\n\n\n\n<p><em>\u2013 Ramage era um nome bem aceito pelo ent\u00e3o ministro (publicamente dito no pronunciamento desta sexta \u2013 24) e pelo presidente Jair Bolsonaro.<\/em><\/p>\n\n\n\n<p><em>\u2013 Seria a inten\u00e7\u00e3o de S\u00e9rgio Moro tentar me imputar injustamente um crime ao expor \u00e0 Globo nossa conversa privada, sem o contexto no qual chegaram \u00e0quela fase da troca de mensagens, mesmo ele sabendo que n\u00e3o havia nada de il\u00edcito no que conversamos?<\/em><\/p>\n\n\n\n<p><em>\u2013 N\u00e3o existe raiva, mas decep\u00e7\u00e3o e m\u00e1goa, uma vez que, apesar de nunca ter pensado em deixar a base de apoio do Governo Federal, n\u00e3o se podia esconder a tristeza, nesta sexta, em n\u00e3o ter mais S\u00e9rgio Moro como ministro.<\/em><\/p>\n\n\n\n<p><em>\u2013 Registro que n\u00e3o tenho o poder ou a fun\u00e7\u00e3o delegada pelo PR para negociar cargos no STF e o ex-ministro sabia bem deste fato.<\/em><\/p>\n\n\n\n<p><em>\u2013 Fica o questionamento para um homem ao qual eu e meu marido t\u00ednhamos o maior respeito e admira\u00e7\u00e3o, tanto que foi nosso padrinho de casamento: Ex-ministro, a resposta que o Sr deu e o print foram friamente calculados para me expor depois?<\/em><\/p>\n\n\n\n<p>Fonte: <a href=\"https:\/\/pleno.news\/\">pleno.news<\/a><\/p>\n\n\n\n<p><\/p>\n","protected":false},"excerpt":{"rendered":"<p>Ap\u00f3s o ex-ministro da Justi\u00e7a e Seguran\u00e7a P\u00fablica, Sergio Moro, ter enviado imagens de conversas para a TV Globo, a deputada federal Carla Zambelli (PSL-SP), uma das que aparece nos di\u00e1logos, criticou a atitude e disse que sentiu \u201cdecep\u00e7\u00e3o e m\u00e1goa\u201d com a atitude de seu padrinho de casamento. A declara\u00e7\u00e3o foi feita em uma [&hellip;]<\/p>\n","protected":false},"author":2,"featured_media":5543,"comment_status":"open","ping_status":"open","sticky":false,"template":"","format":"standard","meta":[],"categories":[4],"tags":[],"_links":{"self":[{"href":"https:\/\/dgospel.com.br\/portal\/index.php\/wp-json\/wp\/v2\/posts\/5541"}],"collection":[{"href":"https:\/\/dgospel.com.br\/portal\/index.php\/wp-json\/wp\/v2\/posts"}],"about":[{"href":"https:\/\/dgospel.com.br\/portal\/index.php\/wp-json\/wp\/v2\/types\/post"}],"author":[{"embeddable":true,"href":"https:\/\/dgospel.com.br\/portal\/index.php\/wp-json\/wp\/v2\/users\/2"}],"replies":[{"embeddable":true,"href":"https:\/\/dgospel.com.br\/portal\/index.php\/wp-json\/wp\/v2\/comments?post=5541"}],"version-history":[{"count":1,"href":"https:\/\/dgospel.com.br\/portal\/index.php\/wp-json\/wp\/v2\/posts\/5541\/revisions"}],"predecessor-version":[{"id":5544,"href":"https:\/\/dgospel.com.br\/portal\/index.php\/wp-json\/wp\/v2\/posts\/5541\/revisions\/5544"}],"wp:featuredmedia":[{"embeddable":true,"href":"https:\/\/dgospel.com.br\/portal\/index.php\/wp-json\/wp\/v2\/media\/5543"}],"wp:attachment":[{"href":"https:\/\/dgospel.com.br\/portal\/index.php\/wp-json\/wp\/v2\/media?parent=5541"}],"wp:term":[{"taxonomy":"category","embeddable":true,"href":"https:\/\/dgospel.com.br\/portal\/index.php\/wp-json\/wp\/v2\/categories?post=5541"},{"taxonomy":"post_tag","embeddable":true,"href":"https:\/\/dgospel.com.br\/portal\/index.php\/wp-json\/wp\/v2\/tags?post=5541"}],"curies":[{"name":"wp","href":"https:\/\/api.w.org\/{rel}","templated":true}]}}