{"id":5545,"date":"2020-04-25T21:26:16","date_gmt":"2020-04-26T00:26:16","guid":{"rendered":"http:\/\/dgospel.com.br\/portal\/?p=5545"},"modified":"2020-04-25T21:26:22","modified_gmt":"2020-04-26T00:26:22","slug":"malafaia-sobre-sergio-moro-a-soberba-precede-a-queda","status":"publish","type":"post","link":"https:\/\/dgospel.com.br\/portal\/index.php\/2020\/04\/25\/malafaia-sobre-sergio-moro-a-soberba-precede-a-queda\/","title":{"rendered":"Malafaia sobre Sergio Moro: \u201cA soberba precede a queda\u201d"},"content":{"rendered":"\n<p> O pastor Silas Malafaia usou as redes sociais para criticar Sergio Moro. Ele condenou a exposi\u00e7\u00e3o de conversas feitas do ex-ministro no Jornal Nacional, da Rede Globo. <\/p>\n\n\n\n<p> \u2013 Absurdo! Moro levar as provas para o JN da Globo e n\u00e3o para a justi\u00e7a, \u00e9 vergonha total! A m\u00e1scara de bom mo\u00e7o caiu. A soberba precede a queda, diz a B\u00edblia. Vergonha total \u2013 declarou. <\/p>\n\n\n\n<p><\/p>\n\n\n\n<figure class=\"wp-block-image\"><img loading=\"lazy\" width=\"753\" height=\"341\" src=\"http:\/\/dgospel.com.br\/portal\/wp-content\/uploads\/2020\/04\/Screenshot-1-10.png\" alt=\"\" class=\"wp-image-5546\" srcset=\"https:\/\/dgospel.com.br\/portal\/wp-content\/uploads\/2020\/04\/Screenshot-1-10.png 753w, https:\/\/dgospel.com.br\/portal\/wp-content\/uploads\/2020\/04\/Screenshot-1-10-300x136.png 300w\" sizes=\"(max-width: 753px) 100vw, 753px\" \/><\/figure>\n\n\n\n<p>Em outro tweet, o religioso tamb\u00e9m disse que segue apoiando o presidente Jair Bolsonaro.<\/p>\n\n\n\n<p>\u2013 N\u00e3o sou capacho de ningu\u00e9m. Continuo apoiando Bolsonaro. N\u00e3o tem comprova\u00e7\u00e3o de crime nenhum que ele cometeu \u2013 escreveu.<\/p>\n\n\n\n<figure class=\"wp-block-image\"><a href=\"https:\/\/twitter.com\/PastorMalafaia\"><img src=\"https:\/\/pbs.twimg.com\/profile_images\/1100500278091149313\/P-nhDDrI_normal.png\" alt=\"\"\/><\/a><\/figure>\n\n\n\n<p><a href=\"https:\/\/twitter.com\/PastorMalafaia\"><strong>Silas Malafaia<\/strong><strong>\u2714<\/strong>@PastorMalafaia<\/a><a href=\"https:\/\/twitter.com\/PastorMalafaia\/status\/1254002339754717184\"><\/a>Assista! Discordar do presidente \u00e9 um direito meu. N\u00e3o sou capacho de ningu\u00e9m. Continuo apoiando Bolsonaro. N\u00e3o tem comprova\u00e7\u00e3o de crime nenhum que ele cometeu. <a href=\"https:\/\/t.co\/sp4QiE3uY2\" rel=\"noreferrer noopener\" target=\"_blank\">https:\/\/youtu.be\/c07wAt6gbRQ<\/a><\/p>\n\n\n\n<p>Fonte: pleno.news<\/p>\n","protected":false},"excerpt":{"rendered":"<p>O pastor Silas Malafaia usou as redes sociais para criticar Sergio Moro. Ele condenou a exposi\u00e7\u00e3o de conversas feitas do ex-ministro no Jornal Nacional, da Rede Globo. \u2013 Absurdo! Moro levar as provas para o JN da Globo e n\u00e3o para a justi\u00e7a, \u00e9 vergonha total! A m\u00e1scara de bom mo\u00e7o caiu. A soberba precede [&hellip;]<\/p>\n","protected":false},"author":2,"featured_media":5547,"comment_status":"open","ping_status":"open","sticky":false,"template":"","format":"standard","meta":[],"categories":[5,6],"tags":[],"_links":{"self":[{"href":"https:\/\/dgospel.com.br\/portal\/index.php\/wp-json\/wp\/v2\/posts\/5545"}],"collection":[{"href":"https:\/\/dgospel.com.br\/portal\/index.php\/wp-json\/wp\/v2\/posts"}],"about":[{"href":"https:\/\/dgospel.com.br\/portal\/index.php\/wp-json\/wp\/v2\/types\/post"}],"author":[{"embeddable":true,"href":"https:\/\/dgospel.com.br\/portal\/index.php\/wp-json\/wp\/v2\/users\/2"}],"replies":[{"embeddable":true,"href":"https:\/\/dgospel.com.br\/portal\/index.php\/wp-json\/wp\/v2\/comments?post=5545"}],"version-history":[{"count":1,"href":"https:\/\/dgospel.com.br\/portal\/index.php\/wp-json\/wp\/v2\/posts\/5545\/revisions"}],"predecessor-version":[{"id":5548,"href":"https:\/\/dgospel.com.br\/portal\/index.php\/wp-json\/wp\/v2\/posts\/5545\/revisions\/5548"}],"wp:featuredmedia":[{"embeddable":true,"href":"https:\/\/dgospel.com.br\/portal\/index.php\/wp-json\/wp\/v2\/media\/5547"}],"wp:attachment":[{"href":"https:\/\/dgospel.com.br\/portal\/index.php\/wp-json\/wp\/v2\/media?parent=5545"}],"wp:term":[{"taxonomy":"category","embeddable":true,"href":"https:\/\/dgospel.com.br\/portal\/index.php\/wp-json\/wp\/v2\/categories?post=5545"},{"taxonomy":"post_tag","embeddable":true,"href":"https:\/\/dgospel.com.br\/portal\/index.php\/wp-json\/wp\/v2\/tags?post=5545"}],"curies":[{"name":"wp","href":"https:\/\/api.w.org\/{rel}","templated":true}]}}