{"id":5562,"date":"2020-04-27T22:34:20","date_gmt":"2020-04-28T01:34:20","guid":{"rendered":"http:\/\/dgospel.com.br\/portal\/?p=5562"},"modified":"2020-04-27T22:34:21","modified_gmt":"2020-04-28T01:34:21","slug":"governador-carlesse-prorroga-suspensao-das-aulas-e-jornada-reduzida-dos-servidores-ate-29-de-maio","status":"publish","type":"post","link":"https:\/\/dgospel.com.br\/portal\/index.php\/2020\/04\/27\/governador-carlesse-prorroga-suspensao-das-aulas-e-jornada-reduzida-dos-servidores-ate-29-de-maio\/","title":{"rendered":"Governador Carlesse prorroga suspens\u00e3o das aulas e jornada reduzida dos servidores at\u00e9 29 de maio"},"content":{"rendered":"\n<p>Ap\u00f3s delibera\u00e7\u00e3o do Comit\u00ea de Crise para Preven\u00e7\u00e3o da Covid-19 nesta segunda-feira, 27, o governador do Estado do Tocantins, Mauro Carlesse, assinou decreto prorrogando a suspens\u00e3o das aulas e a jornada reduzida de 6 horas dos servidores p\u00fablicos estaduais, al\u00e9m de recomendar o uso de m\u00e1scaras de prote\u00e7\u00e3o facial, sempre que houver a necessidade de sair de casa. O documento ser\u00e1 publicado na edi\u00e7\u00e3o do Di\u00e1rio Oficial do Estado desta segunda-feira, 27.<\/p>\n\n\n\n<p>Com a decis\u00e3o, as aulas, tanto em estabelecimentos p\u00fablicos como privados, como escolas e universidades, continuam suspensas at\u00e9 o dia 29 de maio. \u201cDurante este per\u00edodo, estamos reestruturando nossas escolas para que possam retomar as atividades da forma mais segura poss\u00edvel, seguindo as recomenda\u00e7\u00f5es propostas pela Secretaria de Estado da Sa\u00fade, com base no Minist\u00e9rio da Sa\u00fade\u201d, complementou.<\/p>\n\n\n\n<p>A secret\u00e1ria de Estado da Educa\u00e7\u00e3o, Juventude e Esportes, Adriana Aguiar, enfatizou que o \u00f3rg\u00e3o est\u00e1 se antecipando para a volta \u00e0s aulas e propondo medidas para melhor atender \u00e0s fam\u00edlias e aos estudantes.<\/p>\n\n\n\n<p>\u201cA possibilidade de um retorno \u00e0s aulas vai levar em considera\u00e7\u00e3o os dados t\u00e9cnicos da Sa\u00fade. Caso haja o retorno, \u00e9 importante salientar que ele ser\u00e1 executado seguindo algumas condicionantes como: a higieniza\u00e7\u00e3o das unidades escolares, as desinfec\u00e7\u00e3o das 499 estruturas que temos hoje; a aquisi\u00e7\u00e3o de Equipamentos de Prote\u00e7\u00e3o Individual [EPI\u2019s] para os servidores e alunos; o aumento do n\u00famero de transportes; a confec\u00e7\u00e3o de material gr\u00e1fico de suporte, no caso de atividades extracurriculares; a reorganiza\u00e7\u00e3o de espa\u00e7os escolares para manter uma dist\u00e2ncia m\u00ednima necess\u00e1ria, na qual as alternativas est\u00e3o sendo avaliadas; e a redistribui\u00e7\u00e3o dos alunos entre os hor\u00e1rios dispon\u00edveis para que haja um equil\u00edbrio e evite superlota\u00e7\u00e3o\u201d, explicou a Secret\u00e1ria.<\/p>\n\n\n\n<p><strong>Jornada de Trabalho Reduzida<\/strong><\/p>\n\n\n\n<p>Al\u00e9m da suspens\u00e3o das aulas, o governador Mauro Carlesse tamb\u00e9m prorrogou at\u00e9 o dia 29 de maio a jornada reduzida de 6 horas dos servidores p\u00fablicos do Poder Executivo Estadual. Com isso, o hor\u00e1rio de trabalho segue das 8 \u00e0s 14 horas, podendo os respons\u00e1veis pelos \u00f3rg\u00e3os estabelecerem jornadas alternativas no turno da tarde, a fim de evitar aglomera\u00e7\u00f5es.<\/p>\n\n\n\n<p>\u201cSe os filhos est\u00e3o fora da escola, eles est\u00e3o isolados em casa. Grande parte \u00e9 menor de idade e tamb\u00e9m n\u00e3o tem com quem ficar. Ent\u00e3o, devemos ver a situa\u00e7\u00e3o dos pais tamb\u00e9m e flexibilizar as suas rotinas at\u00e9 que possamos oferecer a seguran\u00e7a necess\u00e1ria para que seus filhos voltem \u00e0s escolas\u201d, garantiu o governador Mauro Carlesse.<\/p>\n\n\n\n<p><strong>Recomenda\u00e7\u00e3o para o uso de m\u00e1scaras<\/strong><\/p>\n\n\n\n<p>Sobre a recomenda\u00e7\u00e3o para o uso de m\u00e1scaras, o secret\u00e1rio da Casa Civil, Rolf Vidal, esclareceu que a decis\u00e3o \u00e9 uma forma de orientar sobre a import\u00e2ncia do uso da etiqueta respirat\u00f3ria durante a pandemia. \u201cN\u00e3o \u00e9 um modelo impositivo e nem uma quest\u00e3o de multar as pessoas, \u00e9 somente para ressaltar este equipamento como essencial na conserva\u00e7\u00e3o do estado de sa\u00fade de cada um\u201d, concluiu.<\/p>\n","protected":false},"excerpt":{"rendered":"<p>Ap\u00f3s delibera\u00e7\u00e3o do Comit\u00ea de Crise para Preven\u00e7\u00e3o da Covid-19 nesta segunda-feira, 27, o governador do Estado do Tocantins, Mauro Carlesse, assinou decreto prorrogando a suspens\u00e3o das aulas e a jornada reduzida de 6 horas dos servidores p\u00fablicos estaduais, al\u00e9m de recomendar o uso de m\u00e1scaras de prote\u00e7\u00e3o facial, sempre que houver a necessidade de [&hellip;]<\/p>\n","protected":false},"author":2,"featured_media":5563,"comment_status":"open","ping_status":"open","sticky":false,"template":"","format":"standard","meta":[],"categories":[3],"tags":[],"_links":{"self":[{"href":"https:\/\/dgospel.com.br\/portal\/index.php\/wp-json\/wp\/v2\/posts\/5562"}],"collection":[{"href":"https:\/\/dgospel.com.br\/portal\/index.php\/wp-json\/wp\/v2\/posts"}],"about":[{"href":"https:\/\/dgospel.com.br\/portal\/index.php\/wp-json\/wp\/v2\/types\/post"}],"author":[{"embeddable":true,"href":"https:\/\/dgospel.com.br\/portal\/index.php\/wp-json\/wp\/v2\/users\/2"}],"replies":[{"embeddable":true,"href":"https:\/\/dgospel.com.br\/portal\/index.php\/wp-json\/wp\/v2\/comments?post=5562"}],"version-history":[{"count":1,"href":"https:\/\/dgospel.com.br\/portal\/index.php\/wp-json\/wp\/v2\/posts\/5562\/revisions"}],"predecessor-version":[{"id":5564,"href":"https:\/\/dgospel.com.br\/portal\/index.php\/wp-json\/wp\/v2\/posts\/5562\/revisions\/5564"}],"wp:featuredmedia":[{"embeddable":true,"href":"https:\/\/dgospel.com.br\/portal\/index.php\/wp-json\/wp\/v2\/media\/5563"}],"wp:attachment":[{"href":"https:\/\/dgospel.com.br\/portal\/index.php\/wp-json\/wp\/v2\/media?parent=5562"}],"wp:term":[{"taxonomy":"category","embeddable":true,"href":"https:\/\/dgospel.com.br\/portal\/index.php\/wp-json\/wp\/v2\/categories?post=5562"},{"taxonomy":"post_tag","embeddable":true,"href":"https:\/\/dgospel.com.br\/portal\/index.php\/wp-json\/wp\/v2\/tags?post=5562"}],"curies":[{"name":"wp","href":"https:\/\/api.w.org\/{rel}","templated":true}]}}