{"id":5565,"date":"2020-04-28T10:31:00","date_gmt":"2020-04-28T13:31:00","guid":{"rendered":"http:\/\/dgospel.com.br\/portal\/?p=5565"},"modified":"2020-04-28T10:31:02","modified_gmt":"2020-04-28T13:31:02","slug":"novo-titular-da-justica-e-pastor-evangelico-e-tem-interlocucao-com-ministros-do-stf","status":"publish","type":"post","link":"https:\/\/dgospel.com.br\/portal\/index.php\/2020\/04\/28\/novo-titular-da-justica-e-pastor-evangelico-e-tem-interlocucao-com-ministros-do-stf\/","title":{"rendered":"Novo titular da Justi\u00e7a \u00e9 pastor evang\u00e9lico e tem interlocu\u00e7\u00e3o com ministros do STF"},"content":{"rendered":"\n<p>Nomeado para o Minist\u00e9rio da Justi\u00e7a, Andr\u00e9 Mendon\u00e7a, que at\u00e9\nesta segunda-feira (27) ocupava o cargo de advogado-geral da Uni\u00e3o, tem\np\u00f3s-gradua\u00e7\u00e3o em direito pela Universidade de Bras\u00edlia (UnB) e \u00e9 pastor na\nIgreja Presbiteriana Esperan\u00e7a, em Bras\u00edlia.<\/p>\n\n\n\n<p>Ele \u00e9 doutor em estado\nde direito e governan\u00e7a global e mestre em estrat\u00e9gias anticorrup\u00e7\u00e3o e\npol\u00edticas de integridade pela Universidade de Salamanca, na Espanha. Mendon\u00e7a\ntamb\u00e9m j\u00e1 ganhou o Pr\u00eamio Innovare, que premia boas pr\u00e1ticas do poder\nJudici\u00e1rio.<\/p>\n\n\n\n<p>O novo ministro, que\ncomo titular da AGU participou das sess\u00f5es do Supremo Tribunal Federal (STF) e\nmanifestou as posi\u00e7\u00f5es da Uni\u00e3o em processos na Corte, tem interlocu\u00e7\u00e3o com\nministros do tribunal. Ele tinha sido escolhido para o cargo na AGU ainda na\ntransi\u00e7\u00e3o para o governo de Bolsonaro, logo ap\u00f3s a elei\u00e7\u00e3o, em novembro de\n2018.<\/p>\n\n\n\n<p>Antes de assumir o\ncargo de ministro da Advocacia-Geral da Uni\u00e3o (AGU), Mendon\u00e7a atuou como\ncorregedor-geral do \u00f3rg\u00e3o, entre 2016 e 2018. Ele tamb\u00e9m j\u00e1 tinha sido diretor\ndo Departamento de Patrim\u00f4nio P\u00fablico e Probidade Administrativa da\nProcuradoria-Geral da Uni\u00e3o.<\/p>\n\n\n\n<p>Em 2016, assumiu o\ncargo de corregedor-geral da AGU. Ele j\u00e1 coordenou equipes de negocia\u00e7\u00e3o dos\nacordos de leni\u00eancia celebrados pela AGU e pela Controladoria-Geral da Uni\u00e3o.<\/p>\n\n\n\n<p>Em 2011, Mendon\u00e7a\nvenceu o Pr\u00eamio Innovare na categoria especial. Ele foi vitorioso por idealizar\ne coordenar um grupo dedicado \u00e0 recupera\u00e7\u00e3o de ativos desviados em casos de\ncorrup\u00e7\u00e3o, que recuperou bilh\u00f5es de reais aos cofres p\u00fablicos.<\/p>\n\n\n\n<h2>Nome foi cotado para STF<\/h2>\n\n\n\n<p>O\nnome de Andr\u00e9 Mendon\u00e7a passou a ser mencionado nos bastidores do governo\nfederal desde julho do ano passado. Na \u00e9poca, ele era cotado para virar\nministro do STF, e o presidente<strong>&nbsp;Bolsonaro\nchegou a afirmar que indicaria um ministro evang\u00e9lico<\/strong>&nbsp;para\na Corte Suprema.<\/p>\n\n\n\n<p>&#8220;Quantos tentam nos deixar de lado nos dizendo que o estado \u00e9 laico? O estado \u00e9 laico, mas n\u00f3s somos crist\u00e3os. Por isso meu compromisso: poderei indicar dois ministros para o Supremo Tribunal Federal. Um deles ser\u00e1 terrivelmente evang\u00e9lico&#8221;, declarou o presidente em 2019.<\/p>\n\n\n\n<p>Fonte: G1<\/p>\n","protected":false},"excerpt":{"rendered":"<p>Nomeado para o Minist\u00e9rio da Justi\u00e7a, Andr\u00e9 Mendon\u00e7a, que at\u00e9 esta segunda-feira (27) ocupava o cargo de advogado-geral da Uni\u00e3o, tem p\u00f3s-gradua\u00e7\u00e3o em direito pela Universidade de Bras\u00edlia (UnB) e \u00e9 pastor na Igreja Presbiteriana Esperan\u00e7a, em Bras\u00edlia. Ele \u00e9 doutor em estado de direito e governan\u00e7a global e mestre em estrat\u00e9gias anticorrup\u00e7\u00e3o e pol\u00edticas [&hellip;]<\/p>\n","protected":false},"author":2,"featured_media":5566,"comment_status":"open","ping_status":"open","sticky":false,"template":"","format":"standard","meta":[],"categories":[6,4],"tags":[],"_links":{"self":[{"href":"https:\/\/dgospel.com.br\/portal\/index.php\/wp-json\/wp\/v2\/posts\/5565"}],"collection":[{"href":"https:\/\/dgospel.com.br\/portal\/index.php\/wp-json\/wp\/v2\/posts"}],"about":[{"href":"https:\/\/dgospel.com.br\/portal\/index.php\/wp-json\/wp\/v2\/types\/post"}],"author":[{"embeddable":true,"href":"https:\/\/dgospel.com.br\/portal\/index.php\/wp-json\/wp\/v2\/users\/2"}],"replies":[{"embeddable":true,"href":"https:\/\/dgospel.com.br\/portal\/index.php\/wp-json\/wp\/v2\/comments?post=5565"}],"version-history":[{"count":1,"href":"https:\/\/dgospel.com.br\/portal\/index.php\/wp-json\/wp\/v2\/posts\/5565\/revisions"}],"predecessor-version":[{"id":5567,"href":"https:\/\/dgospel.com.br\/portal\/index.php\/wp-json\/wp\/v2\/posts\/5565\/revisions\/5567"}],"wp:featuredmedia":[{"embeddable":true,"href":"https:\/\/dgospel.com.br\/portal\/index.php\/wp-json\/wp\/v2\/media\/5566"}],"wp:attachment":[{"href":"https:\/\/dgospel.com.br\/portal\/index.php\/wp-json\/wp\/v2\/media?parent=5565"}],"wp:term":[{"taxonomy":"category","embeddable":true,"href":"https:\/\/dgospel.com.br\/portal\/index.php\/wp-json\/wp\/v2\/categories?post=5565"},{"taxonomy":"post_tag","embeddable":true,"href":"https:\/\/dgospel.com.br\/portal\/index.php\/wp-json\/wp\/v2\/tags?post=5565"}],"curies":[{"name":"wp","href":"https:\/\/api.w.org\/{rel}","templated":true}]}}