{"id":5571,"date":"2020-04-29T12:07:02","date_gmt":"2020-04-29T15:07:02","guid":{"rendered":"http:\/\/dgospel.com.br\/portal\/?p=5571"},"modified":"2020-04-29T12:07:03","modified_gmt":"2020-04-29T15:07:03","slug":"erivelton-santos-solicita-gratificacao-a-servidores-da-saude-na-pandemia","status":"publish","type":"post","link":"https:\/\/dgospel.com.br\/portal\/index.php\/2020\/04\/29\/erivelton-santos-solicita-gratificacao-a-servidores-da-saude-na-pandemia\/","title":{"rendered":"Erivelton Santos solicita gratifica\u00e7\u00e3o a servidores da sa\u00fade na pandemia"},"content":{"rendered":"\n<p>\n\nNa manh\u00e3 de ter\u00e7a-feira, 28, o vereador Erivelton Santos (PV) apresentou requerimento \u00e0 Casa de Leis, na qual solicita ao Poder Executivo a promo\u00e7\u00e3o dos profissionais da sa\u00fade com gratifica\u00e7\u00e3o salarial, em raz\u00e3o aos trabalhos realizados no enfrentamento a pandemia. Os votos de congratula\u00e7\u00f5es ao 1\u00ba Batalh\u00e3o da Pol\u00edcia Militar do Tocantins, tamb\u00e9m foram solicitados pelo parlamentar.<\/p>\n\n\n\n<p>Conforme Erivelton, os profissionais que est\u00e3o na linha de frente no combate ao coronav\u00edrus precisam ser valorizados, visto o per\u00edodo de calamidade p\u00fablica que se enfrenta. \u201cEsses servidores est\u00e3o colocando suas vidas em risco para salvar a vida do pr\u00f3ximo, atendendo e ajudando todos aqueles que precisam. A gratifica\u00e7\u00e3o \u00e9 uma forma de reconhecimento \u00e0 classe da sa\u00fade\u201d, assegurou.<br><br>Na oportunidade, o vereador apresentou requerimento de votos de congratula\u00e7\u00f5es ao 1\u00ba Batalh\u00e3o da Pol\u00edcia Militar do Tocantins, aprovado em sess\u00e3o pelos pares. Segundo o vereador, o Batalh\u00e3o realiza um excelente trabalho por toda a corpora\u00e7\u00e3o, que atende a regi\u00e3o Norte e a regi\u00e3o de Luzimangues. \u201cA Pol\u00edcia Militar tem realizado um excelente trabalho na Capital, no combate \u00e0 criminalidade e promovendo a seguran\u00e7a da popula\u00e7\u00e3o.<\/p>\n\n\n\n<p>Dia da Emprega Dom\u00e9stica<\/p>\n\n\n\n<p>Ainda durante a sess\u00e3o, Erivelton externou as felicita\u00e7\u00f5es ao Dia Nacional da Emprega Dom\u00e9stica, comemorado dia 27 de abril, em raz\u00e3o a luta di\u00e1ria da categoria. \u201cEssa data deve ser comemorada por todos n\u00f3s. Quero parabenizar todas essas guerreiras que lutam diariamente pelo reconhecimento da categoria e realizam seu trabalho com dedica\u00e7\u00e3o e responsabilidade\u201d, assegurou o vereador.<\/p>\n\n\n\n<p>Ascom vereador Erivelton Santos<br><br><\/p>\n","protected":false},"excerpt":{"rendered":"<p>Na manh\u00e3 de ter\u00e7a-feira, 28, o vereador Erivelton Santos (PV) apresentou requerimento \u00e0 Casa de Leis, na qual solicita ao Poder Executivo a promo\u00e7\u00e3o dos profissionais da sa\u00fade com gratifica\u00e7\u00e3o salarial, em raz\u00e3o aos trabalhos realizados no enfrentamento a pandemia. Os votos de congratula\u00e7\u00f5es ao 1\u00ba Batalh\u00e3o da Pol\u00edcia Militar do Tocantins, tamb\u00e9m foram solicitados [&hellip;]<\/p>\n","protected":false},"author":2,"featured_media":5572,"comment_status":"open","ping_status":"open","sticky":false,"template":"","format":"standard","meta":[],"categories":[8],"tags":[],"_links":{"self":[{"href":"https:\/\/dgospel.com.br\/portal\/index.php\/wp-json\/wp\/v2\/posts\/5571"}],"collection":[{"href":"https:\/\/dgospel.com.br\/portal\/index.php\/wp-json\/wp\/v2\/posts"}],"about":[{"href":"https:\/\/dgospel.com.br\/portal\/index.php\/wp-json\/wp\/v2\/types\/post"}],"author":[{"embeddable":true,"href":"https:\/\/dgospel.com.br\/portal\/index.php\/wp-json\/wp\/v2\/users\/2"}],"replies":[{"embeddable":true,"href":"https:\/\/dgospel.com.br\/portal\/index.php\/wp-json\/wp\/v2\/comments?post=5571"}],"version-history":[{"count":1,"href":"https:\/\/dgospel.com.br\/portal\/index.php\/wp-json\/wp\/v2\/posts\/5571\/revisions"}],"predecessor-version":[{"id":5573,"href":"https:\/\/dgospel.com.br\/portal\/index.php\/wp-json\/wp\/v2\/posts\/5571\/revisions\/5573"}],"wp:featuredmedia":[{"embeddable":true,"href":"https:\/\/dgospel.com.br\/portal\/index.php\/wp-json\/wp\/v2\/media\/5572"}],"wp:attachment":[{"href":"https:\/\/dgospel.com.br\/portal\/index.php\/wp-json\/wp\/v2\/media?parent=5571"}],"wp:term":[{"taxonomy":"category","embeddable":true,"href":"https:\/\/dgospel.com.br\/portal\/index.php\/wp-json\/wp\/v2\/categories?post=5571"},{"taxonomy":"post_tag","embeddable":true,"href":"https:\/\/dgospel.com.br\/portal\/index.php\/wp-json\/wp\/v2\/tags?post=5571"}],"curies":[{"name":"wp","href":"https:\/\/api.w.org\/{rel}","templated":true}]}}