{"id":5574,"date":"2020-04-29T12:11:24","date_gmt":"2020-04-29T15:11:24","guid":{"rendered":"http:\/\/dgospel.com.br\/portal\/?p=5574"},"modified":"2020-04-29T12:11:25","modified_gmt":"2020-04-29T15:11:25","slug":"covid-19-ministerio-vai-mapear-e-ajudar-instituicoes-que-prestam-auxilio-as-pessoas-com-deficiencia","status":"publish","type":"post","link":"https:\/\/dgospel.com.br\/portal\/index.php\/2020\/04\/29\/covid-19-ministerio-vai-mapear-e-ajudar-instituicoes-que-prestam-auxilio-as-pessoas-com-deficiencia\/","title":{"rendered":"COVID-19: Minist\u00e9rio vai mapear e ajudar institui\u00e7\u00f5es que prestam aux\u00edlio \u00e0s pessoas com defici\u00eancia"},"content":{"rendered":"\n<p>O Minist\u00e9rio da Mulher, da Fam\u00edlia e dos Direitos Humanos (MMFDH) come\u00e7ou a cadastrar institui\u00e7\u00f5es que prestam aux\u00edlio \u00e0s pessoas com defici\u00eancia no Brasil. A ideia \u00e9 que com o cadastro, o minist\u00e9rio possa orientar essas institui\u00e7\u00f5es sobre como ajudar esse p\u00fablico a enfrentar a pandemia do novo coronav\u00edrus.<\/p>\n\n\n\n<p>As organiza\u00e7\u00f5es interessadas devem realizar o cadastro, por meio de um question\u00e1rio desenvolvido pela Secretaria Nacional dos Direitos da Pessoa com Defici\u00eancia (SNDPD). A proposta pretende garantir ainda o apoio a educa\u00e7\u00e3o, sa\u00fade e assist\u00eancia social das pessoas que vivem com defici\u00eancia no pa\u00eds. Para ter acesso ao question\u00e1rio basta acessar o portal: www.gov.br\/mdh<\/p>\n\n\n\n<p>Para a diretora de Gest\u00e3o e Rela\u00e7\u00f5es Interinstitucionais da Secretaria Nacional dos Direitos da Pessoa com Defici\u00eancia, Liliane Bernardes, o cadastro vai ser fundamental para conhecer melhor essas institui\u00e7\u00f5es e o trabalho que est\u00e1 sendo feito. &nbsp;\u201cHoje n\u00f3s temos poucas informa\u00e7\u00f5es de como s\u00e3o essas entidades, que p\u00fablicos elas atendem. Por exemplo, as entidades que atendem ind\u00edgenas com defici\u00eancia, quilombolas com defici\u00eancia, essas especificidades a gente n\u00e3o tem ideia de como essas entidades tem atendido. Al\u00e9m disso, a gente quer fazer o mapeamento das necessidades e encontrar solu\u00e7\u00f5es para atender essas necessidades\u201d, disse.<\/p>\n\n\n\n<p>Segundo Liliane Bernardes, o cadastramento vai auxiliar ainda no direcionamento de doa\u00e7\u00f5es que o Governo Federal recebe para ajudar as pessoas com defici\u00eancia no pa\u00eds. &nbsp;\u201cA ideia desse cadastramento \u00e9 justamente direcionar. Auxiliar o direcionamento dessas doa\u00e7\u00f5es que o governo federal tem recebido. Al\u00e9m disso, \u00e9 orientar aquelas empresas, pessoas f\u00edsicas e pessoas jur\u00eddicas que por acaso tem aquela inten\u00e7\u00e3o de doar. Fazer doa\u00e7\u00f5es, seja de alimentos, seja de itens de prote\u00e7\u00e3o individual. Seja o que for, a gente tamb\u00e9m poder ter esse canal, essa possibilidade de auxiliar as entidades. Conhecendo o perfil delas e fazendo essa ponte entre aqueles que querem doar e aqueles que querem receber\u201d, ressaltou.<br>&nbsp;<\/p>\n\n\n\n<p>Fonte: agenciadoradio<\/p>\n","protected":false},"excerpt":{"rendered":"<p>O Minist\u00e9rio da Mulher, da Fam\u00edlia e dos Direitos Humanos (MMFDH) come\u00e7ou a cadastrar institui\u00e7\u00f5es que prestam aux\u00edlio \u00e0s pessoas com defici\u00eancia no Brasil. A ideia \u00e9 que com o cadastro, o minist\u00e9rio possa orientar essas institui\u00e7\u00f5es sobre como ajudar esse p\u00fablico a enfrentar a pandemia do novo coronav\u00edrus. As organiza\u00e7\u00f5es interessadas devem realizar o [&hellip;]<\/p>\n","protected":false},"author":2,"featured_media":5575,"comment_status":"open","ping_status":"open","sticky":false,"template":"","format":"standard","meta":[],"categories":[6,4],"tags":[],"_links":{"self":[{"href":"https:\/\/dgospel.com.br\/portal\/index.php\/wp-json\/wp\/v2\/posts\/5574"}],"collection":[{"href":"https:\/\/dgospel.com.br\/portal\/index.php\/wp-json\/wp\/v2\/posts"}],"about":[{"href":"https:\/\/dgospel.com.br\/portal\/index.php\/wp-json\/wp\/v2\/types\/post"}],"author":[{"embeddable":true,"href":"https:\/\/dgospel.com.br\/portal\/index.php\/wp-json\/wp\/v2\/users\/2"}],"replies":[{"embeddable":true,"href":"https:\/\/dgospel.com.br\/portal\/index.php\/wp-json\/wp\/v2\/comments?post=5574"}],"version-history":[{"count":1,"href":"https:\/\/dgospel.com.br\/portal\/index.php\/wp-json\/wp\/v2\/posts\/5574\/revisions"}],"predecessor-version":[{"id":5576,"href":"https:\/\/dgospel.com.br\/portal\/index.php\/wp-json\/wp\/v2\/posts\/5574\/revisions\/5576"}],"wp:featuredmedia":[{"embeddable":true,"href":"https:\/\/dgospel.com.br\/portal\/index.php\/wp-json\/wp\/v2\/media\/5575"}],"wp:attachment":[{"href":"https:\/\/dgospel.com.br\/portal\/index.php\/wp-json\/wp\/v2\/media?parent=5574"}],"wp:term":[{"taxonomy":"category","embeddable":true,"href":"https:\/\/dgospel.com.br\/portal\/index.php\/wp-json\/wp\/v2\/categories?post=5574"},{"taxonomy":"post_tag","embeddable":true,"href":"https:\/\/dgospel.com.br\/portal\/index.php\/wp-json\/wp\/v2\/tags?post=5574"}],"curies":[{"name":"wp","href":"https:\/\/api.w.org\/{rel}","templated":true}]}}