{"id":5586,"date":"2020-04-29T12:56:25","date_gmt":"2020-04-29T15:56:25","guid":{"rendered":"http:\/\/dgospel.com.br\/portal\/?p=5586"},"modified":"2020-04-29T12:56:27","modified_gmt":"2020-04-29T15:56:27","slug":"presidente-da-bolivia-convoca-dia-de-jejum-e-oracao-contra-covid-19","status":"publish","type":"post","link":"https:\/\/dgospel.com.br\/portal\/index.php\/2020\/04\/29\/presidente-da-bolivia-convoca-dia-de-jejum-e-oracao-contra-covid-19\/","title":{"rendered":"Presidente da Bol\u00edvia convoca dia de jejum e ora\u00e7\u00e3o contra Covid-19"},"content":{"rendered":"\n<p>A presidente interina na Bol\u00edvia,&nbsp;<a href=\"https:\/\/guiame.com.br\/gospel\/noticias\/biblia-volta-ao-palacio-diz-presidente-interina-em-posse-na-bolivia.html\"><strong>Jeanine \u00c1\u00f1ez<\/strong><\/a>, convocou a popula\u00e7\u00e3o nesta ter\u00e7a-feira (28) para um dia \u201cjejum e ora\u00e7\u00e3o\u201d diante da pandemia do novo coronav\u00edrus, que deixou mais de mil bolivianos infectados e 53 mortos.<\/p>\n\n\n\n<p>Em uma mensagem divulgada desde a segunda-feira na televis\u00e3o, \u00c1\u00f1ez convida os bolivianos para cumprirem \u201cum dia de jejum e ora\u00e7\u00e3o com a fam\u00edlia\u201d.<\/p>\n\n\n\n<p>\u201cIrm\u00e3os bolivianos, hoje quero enviar-lhes uma mensagem de f\u00e9, porque para Deus nada \u00e9 imposs\u00edvel e estando com Ele, vamos vencer essa pandemia\u201d, disse \u00c1\u00f1ez, que \u00e9 evang\u00e9lica.<\/p>\n\n\n\n<p>\u00c1\u00f1ez ainda citou em sua mensagem uma passagem b\u00edblica do livro de Isa\u00edas. Ela deve decidir com o seu gabinete se prolonga ou n\u00e3o o confinamento nacional, que est\u00e1 v\u00e1lido at\u00e9 30 de abril.<\/p>\n\n\n\n<p>Um dos primeiros atos de \u00c1\u00f1ez na sede do governo boliviano foi&nbsp;<a href=\"https:\/\/guiame.com.br\/gospel\/noticias\/biblia-volta-ao-palacio-diz-presidente-interina-em-posse-na-bolivia.html\"><strong>segurar uma B\u00edblia<\/strong><\/a>&nbsp;e dizer aos jornalistas: \u201cA B\u00edblia volta ao Pal\u00e1cio\u201d. Desde ent\u00e3o, a presidente interina tem dado espa\u00e7o \u00e0 religi\u00e3o em sua administra\u00e7\u00e3o p\u00fablica.&nbsp;<\/p>\n\n\n\n<p>Jeanine \u00c1\u00f1ez compartilhou uma foto de sua equipe de ministros fazendo uma ora\u00e7\u00e3o, enquanto estudam planos de continuidade, flexibilidade ou suspens\u00e3o da quarentena na Bol\u00edvia.<\/p>\n\n\n\n<p>\u201cNo in\u00edcio do gabinete, pedi aos ministros que me acompanhassem com uma ora\u00e7\u00e3o pelas fam\u00edlias bolivianas. \u00c9 um gabinete dedicado \u00e0 sa\u00fade e economia do nosso pa\u00eds\u201d, disse ela no Twitter.\u00a0<\/p>\n\n\n\n<figure class=\"wp-block-image\"><a href=\"https:\/\/twitter.com\/JeanineAnez\"><img src=\"https:\/\/pbs.twimg.com\/profile_images\/1235554971762012166\/6ye4Kn5V_normal.jpg\" alt=\"\"\/><\/a><\/figure>\n\n\n\n<p><a href=\"https:\/\/twitter.com\/JeanineAnez\"><strong>Jeanine A\u00f1ez Chavez\u2714<\/strong>@JeanineAnez<\/a><\/p>\n\n\n\n<p><a href=\"https:\/\/twitter.com\/JeanineAnez\/status\/1255140707901173762\"><\/a>Al comenzar el Gabinete ped\u00ed a los ministros que me acompa\u00f1aran con una oraci\u00f3n por las familias bolivianas. Es un gabinete consagrado a la salud y a la econom\u00eda de nuestro pa\u00eds.<\/p>\n\n\n\n<p><\/p>\n\n\n\n<p>\n\nFONTE: GUIAME, COM INFORMA\u00c7\u00d5ES DA AFP\n\n<\/p>\n\n\n\n<figure class=\"wp-block-image\"><img loading=\"lazy\" width=\"680\" height=\"453\" src=\"http:\/\/dgospel.com.br\/portal\/wp-content\/uploads\/2020\/04\/EWsnzs3VcAUPqhA.jpg\" alt=\"\" class=\"wp-image-5587\" srcset=\"https:\/\/dgospel.com.br\/portal\/wp-content\/uploads\/2020\/04\/EWsnzs3VcAUPqhA.jpg 680w, https:\/\/dgospel.com.br\/portal\/wp-content\/uploads\/2020\/04\/EWsnzs3VcAUPqhA-300x200.jpg 300w\" sizes=\"(max-width: 680px) 100vw, 680px\" \/><\/figure>\n","protected":false},"excerpt":{"rendered":"<p>A presidente interina na Bol\u00edvia,&nbsp;Jeanine \u00c1\u00f1ez, convocou a popula\u00e7\u00e3o nesta ter\u00e7a-feira (28) para um dia \u201cjejum e ora\u00e7\u00e3o\u201d diante da pandemia do novo coronav\u00edrus, que deixou mais de mil bolivianos infectados e 53 mortos. Em uma mensagem divulgada desde a segunda-feira na televis\u00e3o, \u00c1\u00f1ez convida os bolivianos para cumprirem \u201cum dia de jejum e ora\u00e7\u00e3o [&hellip;]<\/p>\n","protected":false},"author":2,"featured_media":5588,"comment_status":"open","ping_status":"open","sticky":false,"template":"","format":"standard","meta":[],"categories":[4,1],"tags":[],"_links":{"self":[{"href":"https:\/\/dgospel.com.br\/portal\/index.php\/wp-json\/wp\/v2\/posts\/5586"}],"collection":[{"href":"https:\/\/dgospel.com.br\/portal\/index.php\/wp-json\/wp\/v2\/posts"}],"about":[{"href":"https:\/\/dgospel.com.br\/portal\/index.php\/wp-json\/wp\/v2\/types\/post"}],"author":[{"embeddable":true,"href":"https:\/\/dgospel.com.br\/portal\/index.php\/wp-json\/wp\/v2\/users\/2"}],"replies":[{"embeddable":true,"href":"https:\/\/dgospel.com.br\/portal\/index.php\/wp-json\/wp\/v2\/comments?post=5586"}],"version-history":[{"count":1,"href":"https:\/\/dgospel.com.br\/portal\/index.php\/wp-json\/wp\/v2\/posts\/5586\/revisions"}],"predecessor-version":[{"id":5589,"href":"https:\/\/dgospel.com.br\/portal\/index.php\/wp-json\/wp\/v2\/posts\/5586\/revisions\/5589"}],"wp:featuredmedia":[{"embeddable":true,"href":"https:\/\/dgospel.com.br\/portal\/index.php\/wp-json\/wp\/v2\/media\/5588"}],"wp:attachment":[{"href":"https:\/\/dgospel.com.br\/portal\/index.php\/wp-json\/wp\/v2\/media?parent=5586"}],"wp:term":[{"taxonomy":"category","embeddable":true,"href":"https:\/\/dgospel.com.br\/portal\/index.php\/wp-json\/wp\/v2\/categories?post=5586"},{"taxonomy":"post_tag","embeddable":true,"href":"https:\/\/dgospel.com.br\/portal\/index.php\/wp-json\/wp\/v2\/tags?post=5586"}],"curies":[{"name":"wp","href":"https:\/\/api.w.org\/{rel}","templated":true}]}}