{"id":5593,"date":"2020-05-01T22:24:55","date_gmt":"2020-05-02T01:24:55","guid":{"rendered":"http:\/\/dgospel.com.br\/portal\/?p=5593"},"modified":"2020-05-01T22:24:56","modified_gmt":"2020-05-02T01:24:56","slug":"827-da-populacao-brasileira-aderiu-a-praticas-de-higiene-com-a-covid-19","status":"publish","type":"post","link":"https:\/\/dgospel.com.br\/portal\/index.php\/2020\/05\/01\/827-da-populacao-brasileira-aderiu-a-praticas-de-higiene-com-a-covid-19\/","title":{"rendered":"82,7% da popula\u00e7\u00e3o brasileira aderiu a pr\u00e1ticas de higiene com a Covid-19"},"content":{"rendered":"\n<p>Estudo in\u00e9dito do Minist\u00e9rio da Sa\u00fade apontou que as pr\u00e1ticas de higiene recomendadas para a preven\u00e7\u00e3o da Covid-19 s\u00e3o seguidas por 82,7% da popula\u00e7\u00e3o brasileira. Oito em cada dez pessoas afirmaram ter adotado o h\u00e1bito de lavar as m\u00e3os regularmente com \u00e1gua e sab\u00e3o ou higieniz\u00e1-la com \u00e1lcool em gel. Os brasileiros tamb\u00e9m est\u00e3o seguindo as recomenda\u00e7\u00f5es sobre a limpeza de superf\u00edcies e objetos de uso comum e coletivo. De acordo com o estudo, as mulheres adotaram mais os h\u00e1bitos do que os homens, 87,3%. J\u00e1 entre os homens o percentual chegou a 77,7%.<\/p>\n\n\n\n<p>Os dados s\u00e3o da primeira edi\u00e7\u00e3o da Pesquisa de Vigil\u00e2ncia de Fatores de Risco e Prote\u00e7\u00e3o para Doen\u00e7as cr\u00f4nicas por Inqu\u00e9rito Telef\u00f4nico Covid-19 (Vigitel) do Minist\u00e9rio da Sa\u00fade. De acordo com a m\u00e9dica infectologista, Joana Darc Gon\u00e7alves da Silva, os h\u00e1bitos de higiene s\u00e3o fundamentais para evitar a doen\u00e7a. No entanto, ela ressalta que \u00e9 preciso ser feito de forma adequada.<\/p>\n\n\n\n<p>\u201cLavar as m\u00e3os n\u00e3o \u00e9 s\u00f3 molhar as m\u00e3os. \u00c9 lavar adequadamente. Gastar a\u00ed 20 segundos para poder higienizar direitinho na palma, o dorso, no punho e entre os dedos ou usar o \u00e1lcool em gel com a mesma t\u00e9cnica. E isso tem que ser sempre que voc\u00ea tocar uma superf\u00edcie, varias vezes ao dia. Porque muita gente pega algumas doen\u00e7as porque atrav\u00e9s das m\u00e3os toca em alguma superf\u00edcie e passa a m\u00e3o na boca, no nariz e no olho. E \u00e9 a\u00ed que a gente se infecta\u201d.&nbsp;<\/p>\n\n\n\n<p>O estudo apontou ainda que 66,3% da popula\u00e7\u00e3o brasileira aderiram as pr\u00e1ticas complementares de higiene, que v\u00e3o desde o n\u00e3o compartilhamento de objetos de uso pessoal a trocar de roupas e sapatos ao chegar em casa. A infectologista, Joana da Silva, lembra ainda da import\u00e2ncia do distanciamento social. Ela destaca que \u00e9 importante lembrar que o v\u00edrus \u00e9 transmitido por got\u00edculas.&nbsp;<\/p>\n\n\n\n<p>\u201cA gente espelhe got\u00edculas quando a gente fala, quando a gente tosse. &nbsp;Ent\u00e3o, essas got\u00edculas que a gente espelhe, mesmo que voc\u00ea n\u00e3o veja, elas atingem uma dist\u00e2ncia de at\u00e9 um metro e meio ou dois metros. Ent\u00e3o, eu preciso manter uma dist\u00e2ncia segura das outras pessoas. Eu preciso proteger o pr\u00f3ximo quando eu falo e eu preciso me proteger tamb\u00e9m para evitar de transmitir infec\u00e7\u00f5es para os outros\u201d.<\/p>\n\n\n\n<p>&nbsp;A primeira edi\u00e7\u00e3o da Pesquisa de Vigil\u00e2ncia de Fatores de Risco e Prote\u00e7\u00e3o para Doen\u00e7as cr\u00f4nicas por Inqu\u00e9rito Telef\u00f4nico Covid-19 (Vigitel), destacou ainda que 90,9% dos brasileiros entrevistados informaram ter aderido alguma a\u00e7\u00e3o de isolamento social indicada pelo gestor municipal. Entre as a\u00e7\u00f5es, sair de casa apenas o necess\u00e1rio, evitar aglomera\u00e7\u00f5es de pessoas ou lugares muito cheios e o contato pr\u00f3ximo com outras pessoas, como cumprimentos ou abra\u00e7os.<br>Durante a pesquisa foram entrevistadas 2 mil pessoas em todo o pa\u00eds com 18 anos ou mais.<\/p>\n\n\n\n<p>Para mais informa\u00e7\u00f5es sobre a Covid-19, acesse coronavirus.saude.gov.br.\u00a0<\/p>\n\n\n\n<p>Fonte: agenciadoradio<\/p>\n","protected":false},"excerpt":{"rendered":"<p>Estudo in\u00e9dito do Minist\u00e9rio da Sa\u00fade apontou que as pr\u00e1ticas de higiene recomendadas para a preven\u00e7\u00e3o da Covid-19 s\u00e3o seguidas por 82,7% da popula\u00e7\u00e3o brasileira. Oito em cada dez pessoas afirmaram ter adotado o h\u00e1bito de lavar as m\u00e3os regularmente com \u00e1gua e sab\u00e3o ou higieniz\u00e1-la com \u00e1lcool em gel. Os brasileiros tamb\u00e9m est\u00e3o seguindo [&hellip;]<\/p>\n","protected":false},"author":2,"featured_media":5594,"comment_status":"open","ping_status":"open","sticky":false,"template":"","format":"standard","meta":[],"categories":[6,4],"tags":[],"_links":{"self":[{"href":"https:\/\/dgospel.com.br\/portal\/index.php\/wp-json\/wp\/v2\/posts\/5593"}],"collection":[{"href":"https:\/\/dgospel.com.br\/portal\/index.php\/wp-json\/wp\/v2\/posts"}],"about":[{"href":"https:\/\/dgospel.com.br\/portal\/index.php\/wp-json\/wp\/v2\/types\/post"}],"author":[{"embeddable":true,"href":"https:\/\/dgospel.com.br\/portal\/index.php\/wp-json\/wp\/v2\/users\/2"}],"replies":[{"embeddable":true,"href":"https:\/\/dgospel.com.br\/portal\/index.php\/wp-json\/wp\/v2\/comments?post=5593"}],"version-history":[{"count":1,"href":"https:\/\/dgospel.com.br\/portal\/index.php\/wp-json\/wp\/v2\/posts\/5593\/revisions"}],"predecessor-version":[{"id":5595,"href":"https:\/\/dgospel.com.br\/portal\/index.php\/wp-json\/wp\/v2\/posts\/5593\/revisions\/5595"}],"wp:featuredmedia":[{"embeddable":true,"href":"https:\/\/dgospel.com.br\/portal\/index.php\/wp-json\/wp\/v2\/media\/5594"}],"wp:attachment":[{"href":"https:\/\/dgospel.com.br\/portal\/index.php\/wp-json\/wp\/v2\/media?parent=5593"}],"wp:term":[{"taxonomy":"category","embeddable":true,"href":"https:\/\/dgospel.com.br\/portal\/index.php\/wp-json\/wp\/v2\/categories?post=5593"},{"taxonomy":"post_tag","embeddable":true,"href":"https:\/\/dgospel.com.br\/portal\/index.php\/wp-json\/wp\/v2\/tags?post=5593"}],"curies":[{"name":"wp","href":"https:\/\/api.w.org\/{rel}","templated":true}]}}