{"id":560,"date":"2018-06-16T09:37:00","date_gmt":"2018-06-16T12:37:00","guid":{"rendered":"http:\/\/dgospel.com.br\/portal\/?p=560"},"modified":"2018-06-16T17:27:45","modified_gmt":"2018-06-16T20:27:45","slug":"em-gurupi-vicentinho-garante-que-a-politica-do-prodivino-ira-priorizar-o-pequeno-e-o-micro-empresario","status":"publish","type":"post","link":"https:\/\/dgospel.com.br\/portal\/index.php\/2018\/06\/16\/em-gurupi-vicentinho-garante-que-a-politica-do-prodivino-ira-priorizar-o-pequeno-e-o-micro-empresario\/","title":{"rendered":"Em Gurupi, Vicentinho garante que a pol\u00edtica do Prodivino ir\u00e1 priorizar o pequeno e o micro empres\u00e1rio"},"content":{"rendered":"<div>\u201cOs pobres nem sabem mais que tem Prodivino\u201d, afirmou o candidato a governador sobre o banco empreendedor, garantindo ainda que investir\u00e1 nos hospitais de pequeno porte\u00a0 e reiterando seu pedido: \u201cComparem minha trajet\u00f3ria com o povo da turma de l\u00e1\u201d<\/div>\n<div><\/div>\n<div>Senador e candidato a governador na elei\u00e7\u00e3o suplementar do pr\u00f3ximo dia 24 de junho, Vicentinho Alves (PR) cumpriu, nesta sexta-feira, 15 de junho, agenda pol\u00edtica em Gurupi, Sul do Estado. Como principal proposta, garantiu que haver\u00e1 mudan\u00e7as radicais no Prodivino (Banco do Empreendedor), com a institui\u00e7\u00e3o voltando a cumprir o seu papel de fomentar a economia do micro e pequeno empres\u00e1rio. \u201cHoje, o Prodivino est\u00e1 emprestando para empres\u00e1rios grandes, para donos de postos de combust\u00edvel, para lojista de shopping, mas n\u00e3o para quem mais precisa. Eu posso mudar isso, pois n\u00e3o tenho compromisso com ningu\u00e9m a n\u00e3o ser com o povo do Tocantins e Deus\u201d, frisou o senador durante entrevista na R\u00e1dio Amiga, no programa Show da Tarde.<\/div>\n<div>De acordo com o congressista, \u201cos pobres nem sabem mais que tem Prodivino\u201d. O parlamentar disse que, na sua gest\u00e3o, esse \u00f3rg\u00e3o ser\u00e1 para o povo, \u201cpara o capital de giro do pequeno comerciante, para a compra da m\u00e1quina da costureira e para quem realmente precisa\u201d.<\/div>\n<div><\/div>\n<div>Eu contra a turma de l\u00e1<\/div>\n<div><\/div>\n<div>Al\u00e9m dessa proposta, Vicentinho se disse honrado em poder estar visitando a cidade e detalhou v\u00e1rias de suas propostas nas mais diversas \u00e1reas. Ele tamb\u00e9m mostrou conhecimento das necessidades de Gurupi e relacionou v\u00e1rias personalidades que fizeram a hist\u00f3ria da cidade.<\/div>\n<div>\u201cMeu pai \u00e9 um dos fundadores de Gurupi. Como aviador, antes mesmo da pol\u00edtica, eu vinha muitas vezes a Gurupi. Essa minha liga\u00e7\u00e3o precisa estar explicada\u201d, destacou o senador ao citar v\u00e1rios parentes dele no munic\u00edpio. \u201cDuvido que o outro candidato, que se diz daqui, conhe\u00e7a tanta gente quanto eu e tenha tantos parentes morando e trabalhando aqui\u201d, frisou.<\/div>\n<div>Para Vicentinho, a elei\u00e7\u00e3o, agora, ganha car\u00e1ter plebiscit\u00e1rio. \u201cNo primeiro turno eu estava com pouco tempo de televis\u00e3o, uma coliga\u00e7\u00e3o pequena. Agora os tempos s\u00e3o iguais e me apresentei nos programas e redes sociais. As pessoas tamb\u00e9m est\u00e3o comparando quem sou eu e quem \u00e9 a turma de l\u00e1\u201d, destacou.<br \/>\nO candidato lembrou que Gurupi, historicamente, tem dificuldade de ter um prefeito amigo do governador. Com ele, isso ser\u00e1 completamente diferente, pois o congressista ressaltou ter um \u00f3timo relacionamento com o prefeito Laurez Moreira.<\/div>\n<div>Como exemplo, citou tr\u00eas obras que ter\u00e3o ajuda do governo do Estado caso ele ven\u00e7a a elei\u00e7\u00e3o: a conclus\u00e3o Escola Pedro Belo, o recapeamento com constru\u00e7\u00e3o de acostamento da obra do c\u00f3rrego Pouso do Meio (trecho de 11quil\u00eametros da Avenida Goi\u00e1s, at\u00e9 o Distrito Industrial) e qualifica\u00e7\u00e3o total do aeroporto de Gurupi, para que ele possa receber voos comercias, incluindo decolagens e pousos noturnos.<\/div>\n<div><\/div>\n<div>Modelo de sa\u00fade vai mudar<\/div>\n<div><\/div>\n<div>Na \u00e1rea da sa\u00fade, Vicentinho defendeu a mudan\u00e7a no atual modelo. De acordo com o senador, o sistema de grandes hospitais regionais que catalisam todo o atendimento n\u00e3o deu certo e \u00e9 penoso para o cidad\u00e3o. Assim, ele ressaltou que o seu governo ir\u00e1 fortalecer a base, os hospitais de pequeno porte nas cidades, dotando eles do atendimento necess\u00e1rios para que os regionais fiquem com apenas os servi\u00e7os mais complexos.<\/div>\n<div>Guerra \u00e0s terceiriza\u00e7\u00f5es no Detran<\/div>\n<div><\/div>\n<div>O candidato condenou todas as terceiriza\u00e7\u00f5es do Detran e assegurou que elas v\u00e3o acabar assim que ele assumir governo. Para ele, existe corrup\u00e7\u00e3o na contrata\u00e7\u00e3o dessas empresas e o governo que comanda o Pal\u00e1cio Araguaia atualmente tem comprometimento com o sistema, e por isso n\u00e3o pode fazer mudan\u00e7as. \u201cEu posso acabar com isso e ser\u00e1 imediato. N\u00f3s n\u00e3o vamos mexer no bolso dos pobres como eles est\u00e3o fazendo\u201d, frisou.<\/div>\n<div><\/div>\n<div>Agenda de visitas<\/div>\n<div><\/div>\n<div>Depois da entrevista na r\u00e1dio, Vicentinho percorreu a cidade visitando o Centro da Integra\u00e7\u00e3o da Mulher, a Secretaria Municipal de Infraestrutura e Pa\u00e7o Municipal. O senador conversou com v\u00e1rios servidores, sempre informalmente. Por fim, no in\u00edcio da noite, o candidato visitou alguns moradores de Gurupi nas suas casas, detalhou os planos de gest\u00e3o e pediu apoio pol\u00edtico.<br \/>\n\u00c0 noite, ele recebeu, em reuni\u00f5es reservadas, l\u00edderes pol\u00edticos de quatros cidades diferentes da regi\u00e3o Sul.<\/div>\n","protected":false},"excerpt":{"rendered":"<p>\u201cOs pobres nem sabem mais que tem Prodivino\u201d, afirmou o candidato a governador sobre o banco empreendedor, garantindo ainda que investir\u00e1 nos hospitais de pequeno porte\u00a0 e reiterando seu pedido: \u201cComparem minha trajet\u00f3ria com o povo da turma de l\u00e1\u201d Senador e candidato a governador na elei\u00e7\u00e3o suplementar do pr\u00f3ximo dia 24 de junho, Vicentinho [&hellip;]<\/p>\n","protected":false},"author":2,"featured_media":561,"comment_status":"open","ping_status":"open","sticky":false,"template":"","format":"standard","meta":[],"categories":[2,4],"tags":[],"_links":{"self":[{"href":"https:\/\/dgospel.com.br\/portal\/index.php\/wp-json\/wp\/v2\/posts\/560"}],"collection":[{"href":"https:\/\/dgospel.com.br\/portal\/index.php\/wp-json\/wp\/v2\/posts"}],"about":[{"href":"https:\/\/dgospel.com.br\/portal\/index.php\/wp-json\/wp\/v2\/types\/post"}],"author":[{"embeddable":true,"href":"https:\/\/dgospel.com.br\/portal\/index.php\/wp-json\/wp\/v2\/users\/2"}],"replies":[{"embeddable":true,"href":"https:\/\/dgospel.com.br\/portal\/index.php\/wp-json\/wp\/v2\/comments?post=560"}],"version-history":[{"count":1,"href":"https:\/\/dgospel.com.br\/portal\/index.php\/wp-json\/wp\/v2\/posts\/560\/revisions"}],"predecessor-version":[{"id":562,"href":"https:\/\/dgospel.com.br\/portal\/index.php\/wp-json\/wp\/v2\/posts\/560\/revisions\/562"}],"wp:featuredmedia":[{"embeddable":true,"href":"https:\/\/dgospel.com.br\/portal\/index.php\/wp-json\/wp\/v2\/media\/561"}],"wp:attachment":[{"href":"https:\/\/dgospel.com.br\/portal\/index.php\/wp-json\/wp\/v2\/media?parent=560"}],"wp:term":[{"taxonomy":"category","embeddable":true,"href":"https:\/\/dgospel.com.br\/portal\/index.php\/wp-json\/wp\/v2\/categories?post=560"},{"taxonomy":"post_tag","embeddable":true,"href":"https:\/\/dgospel.com.br\/portal\/index.php\/wp-json\/wp\/v2\/tags?post=560"}],"curies":[{"name":"wp","href":"https:\/\/api.w.org\/{rel}","templated":true}]}}