{"id":5618,"date":"2020-05-06T11:56:16","date_gmt":"2020-05-06T14:56:16","guid":{"rendered":"http:\/\/dgospel.com.br\/portal\/?p=5618"},"modified":"2020-05-06T11:56:18","modified_gmt":"2020-05-06T14:56:18","slug":"carlesse-decreta-uso-obrigatorio-de-mascara-em-todo-o-estado-instalacao-de-barreiras-sanitarias-e-isolamento-social-mais-restrito","status":"publish","type":"post","link":"https:\/\/dgospel.com.br\/portal\/index.php\/2020\/05\/06\/carlesse-decreta-uso-obrigatorio-de-mascara-em-todo-o-estado-instalacao-de-barreiras-sanitarias-e-isolamento-social-mais-restrito\/","title":{"rendered":"Carlesse decreta uso obrigat\u00f3rio de m\u00e1scara em todo o Estado, instala\u00e7\u00e3o de barreiras sanit\u00e1rias e isolamento social mais restrito"},"content":{"rendered":"\n<p>Durante reuni\u00e3o por videoconfer\u00eancia realizada nesta ter\u00e7a-feira, 5, o governador do Estado, Mauro Carlesse, comunicou, aos integrantes do Comit\u00ea de Crise para Preven\u00e7\u00e3o da Covid-19, que o Poder Executivo Estadual publicar\u00e1 novas medidas visando intensificar o combate ao novo Coronav\u00edrus e evitar a continuidade do aumento de pessoas infectadas no Tocantins. Dentre as medidas apresentadas, est\u00e3o a obrigatoriedade do uso de m\u00e1scaras em todo o Estado e a instala\u00e7\u00e3o de barreiras sanit\u00e1rias nas divisas do Estado.<\/p>\n\n\n\n<p>O Decreto que traz a obrigatoriedade ser\u00e1 assinado pelo Chefe do Poder Executivo e publicado do Di\u00e1rio Oficial (DOE) desta ter\u00e7a-feira, 5.<\/p>\n\n\n\n<p>A decis\u00e3o leva em considera\u00e7\u00e3o o aumento do n\u00famero de casos da Covid-19 no Estado e a necessidade de uma medida mais efetiva, no sentido de fazer com que a popula\u00e7\u00e3o adote os h\u00e1bitos necess\u00e1rios para diminuir a propaga\u00e7\u00e3o do novo Coronav\u00edrus. Segundo boletim da Secretaria de Estado da Sa\u00fade (SES), nesta ter\u00e7a-feira, 5, o Tocantins contabiliza, ao todo, 303 casos confirmados de Covid-19 e sete \u00f3bitos.<\/p>\n\n\n\n<p>Al\u00e9m desta normativa, outra medida comunicada pelo Governador \u00e9 a recomenda\u00e7\u00e3o aos munic\u00edpios para que voltem a adotar a modalidade de Distanciamento Social Ampliado (DAS), aquele que n\u00e3o se limita a grupos espec\u00edficos, exigindo que todos os setores da sociedade permane\u00e7am em casa durante a vig\u00eancia dos decretos dos gestores locais, restringindo ao m\u00e1ximo o contato entre as pessoas.<\/p>\n\n\n\n<p>\u201cPara tomar essas decis\u00f5es, n\u00f3s avaliamos a situa\u00e7\u00e3o, debatemos, ouvimos cada \u00f3rg\u00e3o e observamos, principalmente, as opini\u00f5es dos especialistas e dos \u00f3rg\u00e3os de Sa\u00fade para que possamos agir da melhor forma, mesmo em meio a este cen\u00e1rio que \u00e9 de incertezas, pois se altera diariamente\u201d, destacou o governador Mauro Carlesse.<\/p>\n\n\n\n<p>J\u00e1 o secret\u00e1rio de Estado da Sa\u00fade, doutor Edgar Tollini, aproveitou a oportunidade para ratificar que toda a equipe t\u00e9cnica est\u00e1 empenhada em conseguir formas de adquirir mais equipamentos e leitos para atendimento dos pacientes. \u201cEnquanto a popula\u00e7\u00e3o faz sua parte, mantendo o distanciamento social, n\u00f3s atuamos diuturnamente para fortalecer nossa estrutura de sa\u00fade. Com isto, conseguimos que Aragua\u00edna tenha \u00e0 disposi\u00e7\u00e3o mais dez leitos de UTI em unidade privada do munic\u00edpio\u201d, destacou.<\/p>\n\n\n\n<p><strong>Barreiras Sanit\u00e1rias<\/strong><\/p>\n\n\n\n<p>Tamb\u00e9m na edi\u00e7\u00e3o do DOE desta ter\u00e7a-feira, haver\u00e1 publica\u00e7\u00e3o normatizando as atividades das barreiras de aconselhamento sanit\u00e1rio nas divisas do Estado. Esta atividade deve ocorrer de forma sin\u00e9rgica e intersetorial entre a Secretaria de Estado da Sa\u00fade e as for\u00e7as de seguran\u00e7a, com a colabora\u00e7\u00e3o da equipe fazend\u00e1ria e de fiscais e agentes da Ag\u00eancia de Defesa Agropecu\u00e1ria do Tocantins (Adapec).<\/p>\n\n\n\n<p><strong>Presen\u00e7as Virtuais<\/strong><\/p>\n\n\n\n<p>Participaram da videoconfer\u00eancia o presidente do Tribunal de Justi\u00e7a, desembargador Helv\u00e9cio de Brito Maia Neto; o defensor p\u00fablico-geral da Defensoria P\u00fablica do Estado (DPE), F\u00e1bio Monteiro; a procuradora-geral de Justi\u00e7a do Minist\u00e9rio P\u00fablico do Estadual (MPE), Maria Cotinha Bezerra; e o presidente do Tribunal de Contas do Tocantins (TCE\/TO), o conselheiro Severiano Costandrade.<\/p>\n\n\n\n<p>Tamb\u00e9m participaram o comandante-geral da Pol\u00edcia Militar, coronel&nbsp;Jaizon Veras Barbosa; o comandante-geral do Corpo de Bombeiros, coronel Reginaldo Leandro da Silva; o secret\u00e1rio de Estado da Sa\u00fade, Edgar Tollini; a secret\u00e1ria de Estado da Educa\u00e7\u00e3o, Juventude e Esportes, Adriana Aguiar; o secret\u00e1rio de Estado da Seguran\u00e7a P\u00fablica, Cristiano Barbosa Sampaio; o secret\u00e1rio-chefe da Casa Civil, Rolf Vidal; o secret\u00e1rio de Estado da Fazenda e Planejamento, Sandro Henrique Armando; o secret\u00e1rio de Estado da Comunica\u00e7\u00e3o, \u00c9lcio Mendes; o superintendente da Infraero do Tocantins, Juliano de Castro; o comandante da Capitania Fluvial do Araguaia-Tocantins da Marinha, Marcos Cezar Pires Gomes; o coronel Carlos Gabriel Brusch Nascimento, do 22\u00ba Batalh\u00e3o de Infantaria (22\u00ba BI) \u2013 Batalh\u00e3o Tocantins; e o representante&nbsp;da Pol\u00edcia Rodovi\u00e1ria Federal (PRF), Paulo C\u00e9lio.<\/p>\n","protected":false},"excerpt":{"rendered":"<p>Durante reuni\u00e3o por videoconfer\u00eancia realizada nesta ter\u00e7a-feira, 5, o governador do Estado, Mauro Carlesse, comunicou, aos integrantes do Comit\u00ea de Crise para Preven\u00e7\u00e3o da Covid-19, que o Poder Executivo Estadual publicar\u00e1 novas medidas visando intensificar o combate ao novo Coronav\u00edrus e evitar a continuidade do aumento de pessoas infectadas no Tocantins. Dentre as medidas apresentadas, [&hellip;]<\/p>\n","protected":false},"author":2,"featured_media":5619,"comment_status":"open","ping_status":"open","sticky":false,"template":"","format":"standard","meta":[],"categories":[3],"tags":[],"_links":{"self":[{"href":"https:\/\/dgospel.com.br\/portal\/index.php\/wp-json\/wp\/v2\/posts\/5618"}],"collection":[{"href":"https:\/\/dgospel.com.br\/portal\/index.php\/wp-json\/wp\/v2\/posts"}],"about":[{"href":"https:\/\/dgospel.com.br\/portal\/index.php\/wp-json\/wp\/v2\/types\/post"}],"author":[{"embeddable":true,"href":"https:\/\/dgospel.com.br\/portal\/index.php\/wp-json\/wp\/v2\/users\/2"}],"replies":[{"embeddable":true,"href":"https:\/\/dgospel.com.br\/portal\/index.php\/wp-json\/wp\/v2\/comments?post=5618"}],"version-history":[{"count":1,"href":"https:\/\/dgospel.com.br\/portal\/index.php\/wp-json\/wp\/v2\/posts\/5618\/revisions"}],"predecessor-version":[{"id":5620,"href":"https:\/\/dgospel.com.br\/portal\/index.php\/wp-json\/wp\/v2\/posts\/5618\/revisions\/5620"}],"wp:featuredmedia":[{"embeddable":true,"href":"https:\/\/dgospel.com.br\/portal\/index.php\/wp-json\/wp\/v2\/media\/5619"}],"wp:attachment":[{"href":"https:\/\/dgospel.com.br\/portal\/index.php\/wp-json\/wp\/v2\/media?parent=5618"}],"wp:term":[{"taxonomy":"category","embeddable":true,"href":"https:\/\/dgospel.com.br\/portal\/index.php\/wp-json\/wp\/v2\/categories?post=5618"},{"taxonomy":"post_tag","embeddable":true,"href":"https:\/\/dgospel.com.br\/portal\/index.php\/wp-json\/wp\/v2\/tags?post=5618"}],"curies":[{"name":"wp","href":"https:\/\/api.w.org\/{rel}","templated":true}]}}