{"id":5624,"date":"2020-05-06T13:51:06","date_gmt":"2020-05-06T16:51:06","guid":{"rendered":"http:\/\/dgospel.com.br\/portal\/?p=5624"},"modified":"2020-05-06T13:51:07","modified_gmt":"2020-05-06T16:51:07","slug":"moro-disse-que-bolsonaro-nunca-pediu-relatorios-da-pf","status":"publish","type":"post","link":"https:\/\/dgospel.com.br\/portal\/index.php\/2020\/05\/06\/moro-disse-que-bolsonaro-nunca-pediu-relatorios-da-pf\/","title":{"rendered":"Moro disse que Bolsonaro nunca pediu relat\u00f3rios da PF"},"content":{"rendered":"\n<p>Em depoimento \u00e0 Pol\u00edcia Federal no \u00faltimo s\u00e1bado (2), o ex-ministro Sergio Moro afirmou que o presidente Jair Bolsonaro nunca pediu acesso a \u201crelat\u00f3rios de intelig\u00eancia de investiga\u00e7\u00f5es policiais\u201d em andamento. A declara\u00e7\u00e3o \u00e9 mais uma evid\u00eancia que ajuda a derrubar a acusa\u00e7\u00e3o de que Bolsonaro tentou interferir politicamente na PF.<\/p>\n\n\n\n<p>\u2013 Perguntado se o presidente da Rep\u00fablica, em algum momento, lhe solicitou relat\u00f3rios de intelig\u00eancia que subsidiavam investiga\u00e7\u00f5es policiais, o declarante respondeu que o presidente nunca lhe pediu, at\u00e9 porque o declarante ou o diretor Valeixo jamais violariam sigilo de investiga\u00e7\u00e3o policial \u2013 diz um trecho de depoimento.<\/p>\n\n\n\n<p>Ainda durante as oitivas, Sergio Moro recuou e disse que n\u00e3o fez nenhuma acusa\u00e7\u00e3o a Jair Bolsonaro.<\/p>\n\n\n\n<p>\u2013 Quem falou em crime foi a Procuradoria-Geral da Rep\u00fablica na requisi\u00e7\u00e3o de abertura de inqu\u00e9rito \u2013 esquivou-se.<\/p>\n","protected":false},"excerpt":{"rendered":"<p>Em depoimento \u00e0 Pol\u00edcia Federal no \u00faltimo s\u00e1bado (2), o ex-ministro Sergio Moro afirmou que o presidente Jair Bolsonaro nunca pediu acesso a \u201crelat\u00f3rios de intelig\u00eancia de investiga\u00e7\u00f5es policiais\u201d em andamento. A declara\u00e7\u00e3o \u00e9 mais uma evid\u00eancia que ajuda a derrubar a acusa\u00e7\u00e3o de que Bolsonaro tentou interferir politicamente na PF. \u2013 Perguntado se o [&hellip;]<\/p>\n","protected":false},"author":2,"featured_media":5625,"comment_status":"open","ping_status":"open","sticky":false,"template":"","format":"standard","meta":[],"categories":[6,4],"tags":[],"_links":{"self":[{"href":"https:\/\/dgospel.com.br\/portal\/index.php\/wp-json\/wp\/v2\/posts\/5624"}],"collection":[{"href":"https:\/\/dgospel.com.br\/portal\/index.php\/wp-json\/wp\/v2\/posts"}],"about":[{"href":"https:\/\/dgospel.com.br\/portal\/index.php\/wp-json\/wp\/v2\/types\/post"}],"author":[{"embeddable":true,"href":"https:\/\/dgospel.com.br\/portal\/index.php\/wp-json\/wp\/v2\/users\/2"}],"replies":[{"embeddable":true,"href":"https:\/\/dgospel.com.br\/portal\/index.php\/wp-json\/wp\/v2\/comments?post=5624"}],"version-history":[{"count":1,"href":"https:\/\/dgospel.com.br\/portal\/index.php\/wp-json\/wp\/v2\/posts\/5624\/revisions"}],"predecessor-version":[{"id":5626,"href":"https:\/\/dgospel.com.br\/portal\/index.php\/wp-json\/wp\/v2\/posts\/5624\/revisions\/5626"}],"wp:featuredmedia":[{"embeddable":true,"href":"https:\/\/dgospel.com.br\/portal\/index.php\/wp-json\/wp\/v2\/media\/5625"}],"wp:attachment":[{"href":"https:\/\/dgospel.com.br\/portal\/index.php\/wp-json\/wp\/v2\/media?parent=5624"}],"wp:term":[{"taxonomy":"category","embeddable":true,"href":"https:\/\/dgospel.com.br\/portal\/index.php\/wp-json\/wp\/v2\/categories?post=5624"},{"taxonomy":"post_tag","embeddable":true,"href":"https:\/\/dgospel.com.br\/portal\/index.php\/wp-json\/wp\/v2\/tags?post=5624"}],"curies":[{"name":"wp","href":"https:\/\/api.w.org\/{rel}","templated":true}]}}