{"id":5627,"date":"2020-05-07T20:56:51","date_gmt":"2020-05-07T23:56:51","guid":{"rendered":"http:\/\/dgospel.com.br\/portal\/?p=5627"},"modified":"2020-05-07T20:57:42","modified_gmt":"2020-05-07T23:57:42","slug":"apos-solicitar-barreiras-sanitarias-leo-barbosa-elogia-decisao-do-governo-em-implantar-a-acao-nas-divisas-do-to","status":"publish","type":"post","link":"https:\/\/dgospel.com.br\/portal\/index.php\/2020\/05\/07\/apos-solicitar-barreiras-sanitarias-leo-barbosa-elogia-decisao-do-governo-em-implantar-a-acao-nas-divisas-do-to\/","title":{"rendered":"Ap\u00f3s solicitar barreiras sanit\u00e1rias, L\u00e9o Barbosa elogia decis\u00e3o do Governo em implantar a a\u00e7\u00e3o nas divisas do TO"},"content":{"rendered":"\n<p>A decis\u00e3o de instalar barreiras sanit\u00e1rias nas divisas do Tocantins, anunciada pelo governador Mauro Carlesse (DEM) na \u00faltima ter\u00e7a-feira (05), foi elogiada pelo deputado estadual L\u00e9o Barbosa (SD), que solicitou a a\u00e7\u00e3o atrav\u00e9s de requerimento protocolado em regime de urg\u00eancia no dia 28 de abril.<\/p>\n\n\n\n<p>De acordo com o parlamentar, essa \u00e9 mais uma medida assertiva no combate ao novo coronav\u00edrus e tem sido adotada em diversas localidades do pa\u00eds. &#8220;Abrimos a discuss\u00e3o em torno das barreiras sanit\u00e1rias na Assembleia Legislativa, o governo analisou e decidiu implantar a a\u00e7\u00e3o nas divisas do estado. Esta \u00e9 mais uma medida positiva anunciada pelo governador e o objetivo n\u00e3o \u00e9 restringir o acesso&nbsp; e sim avaliar a situa\u00e7\u00e3o da sa\u00fade das pessoas e repassar orienta\u00e7\u00f5es sobre a doen\u00e7a\u201d, destacou.<\/p>\n\n\n\n<p>L\u00e9o ressalta ainda que o Governo do Tocantins tem se mostrado preocupado em buscar novas alternativas no combate a prolifera\u00e7\u00e3o da Covid-19 no estado e que com os esfor\u00e7os do poder p\u00fablico, mas principalmente com os cuidados da popula\u00e7\u00e3o ser\u00e1 poss\u00edvel amenizar os impactos da pandemia na sa\u00fade dos tocantinenses.<\/p>\n","protected":false},"excerpt":{"rendered":"<p>A decis\u00e3o de instalar barreiras sanit\u00e1rias nas divisas do Tocantins, anunciada pelo governador Mauro Carlesse (DEM) na \u00faltima ter\u00e7a-feira (05), foi elogiada pelo deputado estadual L\u00e9o Barbosa (SD), que solicitou a a\u00e7\u00e3o atrav\u00e9s de requerimento protocolado em regime de urg\u00eancia no dia 28 de abril. De acordo com o parlamentar, essa \u00e9 mais uma medida [&hellip;]<\/p>\n","protected":false},"author":2,"featured_media":5628,"comment_status":"open","ping_status":"open","sticky":false,"template":"","format":"standard","meta":[],"categories":[8,3,1],"tags":[],"_links":{"self":[{"href":"https:\/\/dgospel.com.br\/portal\/index.php\/wp-json\/wp\/v2\/posts\/5627"}],"collection":[{"href":"https:\/\/dgospel.com.br\/portal\/index.php\/wp-json\/wp\/v2\/posts"}],"about":[{"href":"https:\/\/dgospel.com.br\/portal\/index.php\/wp-json\/wp\/v2\/types\/post"}],"author":[{"embeddable":true,"href":"https:\/\/dgospel.com.br\/portal\/index.php\/wp-json\/wp\/v2\/users\/2"}],"replies":[{"embeddable":true,"href":"https:\/\/dgospel.com.br\/portal\/index.php\/wp-json\/wp\/v2\/comments?post=5627"}],"version-history":[{"count":1,"href":"https:\/\/dgospel.com.br\/portal\/index.php\/wp-json\/wp\/v2\/posts\/5627\/revisions"}],"predecessor-version":[{"id":5629,"href":"https:\/\/dgospel.com.br\/portal\/index.php\/wp-json\/wp\/v2\/posts\/5627\/revisions\/5629"}],"wp:featuredmedia":[{"embeddable":true,"href":"https:\/\/dgospel.com.br\/portal\/index.php\/wp-json\/wp\/v2\/media\/5628"}],"wp:attachment":[{"href":"https:\/\/dgospel.com.br\/portal\/index.php\/wp-json\/wp\/v2\/media?parent=5627"}],"wp:term":[{"taxonomy":"category","embeddable":true,"href":"https:\/\/dgospel.com.br\/portal\/index.php\/wp-json\/wp\/v2\/categories?post=5627"},{"taxonomy":"post_tag","embeddable":true,"href":"https:\/\/dgospel.com.br\/portal\/index.php\/wp-json\/wp\/v2\/tags?post=5627"}],"curies":[{"name":"wp","href":"https:\/\/api.w.org\/{rel}","templated":true}]}}